{"id":938,"date":"2020-06-05T13:01:00","date_gmt":"2020-06-05T13:01:00","guid":{"rendered":"https:\/\/nyweb.effera.no\/?p=938"},"modified":"2020-06-29T11:19:40","modified_gmt":"2020-06-29T11:19:40","slug":"af-gruppen-utvider-samarbeidet-med-effera","status":"publish","type":"post","link":"https:\/\/www.effera.no\/en\/artikler\/af-gruppen-utvider-samarbeidet-med-effera\/","title":{"rendered":"AF Gruppen utvider samarbeidet med Effera"},"content":{"rendered":"<section class=\"wp-block-uagb-section uagb-section__wrap uagb-section__background-undefined uagb-block-250f3d4b\"><div class=\"uagb-section__overlay\"><\/div><div class=\"uagb-section__inner-wrap\">\n<figure class=\"wp-block-image size-large\"><img loading=\"lazy\" decoding=\"async\" width=\"1024\" height=\"576\" src=\"https:\/\/nyweb.effera.no\/wp-content\/uploads\/2020\/06\/AF-Gruppen-utvider-samarbeidet-med-Effera-Arild-Nesheim-Salgssjef-Effera-1024x576.jpg\" alt=\"\" class=\"wp-image-939\" srcset=\"https:\/\/www.effera.no\/wp-content\/uploads\/2020\/06\/AF-Gruppen-utvider-samarbeidet-med-Effera-Arild-Nesheim-Salgssjef-Effera-1024x576.jpg 1024w, https:\/\/www.effera.no\/wp-content\/uploads\/2020\/06\/AF-Gruppen-utvider-samarbeidet-med-Effera-Arild-Nesheim-Salgssjef-Effera-300x169.jpg 300w, https:\/\/www.effera.no\/wp-content\/uploads\/2020\/06\/AF-Gruppen-utvider-samarbeidet-med-Effera-Arild-Nesheim-Salgssjef-Effera-768x432.jpg 768w, https:\/\/www.effera.no\/wp-content\/uploads\/2020\/06\/AF-Gruppen-utvider-samarbeidet-med-Effera-Arild-Nesheim-Salgssjef-Effera-1536x864.jpg 1536w, https:\/\/www.effera.no\/wp-content\/uploads\/2020\/06\/AF-Gruppen-utvider-samarbeidet-med-Effera-Arild-Nesheim-Salgssjef-Effera.jpg 1920w\" sizes=\"auto, (max-width: 1024px) 100vw, 1024px\" \/><figcaption>Salgssjef Arild Nesheim i Effera.<\/figcaption><\/figure>\n\n\n\n<h2 class=\"has-text-color wp-block-heading\" style=\"color:#149b64\"><strong><strong><strong>AF Gruppen utvider samarbeidet med Effera<\/strong><\/strong><\/strong><\/h2>\n\n\n\n<h3 class=\"wp-block-heading\"><strong>Effera skal levere sikkerhetsl\u00f8sninger i ny krafttunnel til Regjeringskvartalet ved Akershusstranda<\/strong>.<\/h3>\n\n\n\n<p>AF Gruppen er et velkjent entrepren\u00f8r- og industrikonsern som satser p\u00e5 storbyer i Norge og Sverige. I 2019 ble de innstilt som entrepren\u00f8r for energiforsyning for nytt regjeringskvartal i Oslo. Her skal det brukes sj\u00f8vann som skal g\u00e5 gjennom en \u00e9n kilometer lang r\u00f8rledning fra Akershusstranda og Hammersborg.<\/p>\n\n\n\n<p>Vi har v\u00e6rt en underleverand\u00f8r til AF Gruppen i flere \u00e5r p\u00e5 ulike prosjekter og nylig signert til en avtale hvor vi skal levere Effera Safety ved bygging av krafttunnelen ved Akershusstranda. L\u00f8sningen baserer seg p\u00e5 sporingsteknologi som gir full oversikt over personell p\u00e5 anleggsplass.<\/p>\n\n\n\n<p><em>\u00abVi har hatt et meget godt samarbeid med AF i lengre tid, og gjentakende bestillinger av v\u00e5re l\u00f8sninger er en tillitserkl\u00e6ring til alle oss i Effera. Et tydelig signal om at v\u00e5re l\u00f8sninger tilfredsstiller kravene til de st\u00f8rste entrepren\u00f8rene i Norge\u00bb<\/em>&nbsp;says Arild Nesheim, sales manager at Effera.<\/p>\n\n\n\n<p>5. juni 2020<\/p>\n<\/div><\/section>\n\n\n\n<p><\/p>","protected":false},"excerpt":{"rendered":"<p>Effera skal levere sikkerhetsl\u00f8sninger i ny krafttunnel til Regjeringskvartalet ved Akershusstranda.<\/p>","protected":false},"author":7,"featured_media":939,"comment_status":"closed","ping_status":"open","sticky":false,"template":"","format":"standard","meta":{"_uag_custom_page_level_css":"","site-sidebar-layout":"default","site-content-layout":"default","ast-site-content-layout":"default","site-content-style":"default","site-sidebar-style":"default","ast-global-header-display":"","ast-banner-title-visibility":"","ast-main-header-display":"","ast-hfb-above-header-display":"","ast-hfb-below-header-display":"","ast-hfb-mobile-header-display":"","site-post-title":"disabled","ast-breadcrumbs-content":"","ast-featured-img":"disabled","footer-sml-layout":"","ast-disable-related-posts":"","theme-transparent-header-meta":"default","adv-header-id-meta":"","stick-header-meta":"default","header-above-stick-meta":"","header-main-stick-meta":"","header-below-stick-meta":"","astra-migrate-meta-layouts":"default","ast-page-background-enabled":"default","ast-page-background-meta":{"desktop":{"background-color":"","background-image":"","background-repeat":"repeat","background-position":"center center","background-size":"auto","background-attachment":"scroll","background-type":"","background-media":"","overlay-type":"","overlay-color":"","overlay-opacity":"","overlay-gradient":""},"tablet":{"background-color":"","background-image":"","background-repeat":"repeat","background-position":"center center","background-size":"auto","background-attachment":"scroll","background-type":"","background-media":"","overlay-type":"","overlay-color":"","overlay-opacity":"","overlay-gradient":""},"mobile":{"background-color":"","background-image":"","background-repeat":"repeat","background-position":"center center","background-size":"auto","background-attachment":"scroll","background-type":"","background-media":"","overlay-type":"","overlay-color":"","overlay-opacity":"","overlay-gradient":""}},"ast-content-background-meta":{"desktop":{"background-color":"var(--ast-global-color-5)","background-image":"","background-repeat":"repeat","background-position":"center center","background-size":"auto","background-attachment":"scroll","background-type":"","background-media":"","overlay-type":"","overlay-color":"","overlay-opacity":"","overlay-gradient":""},"tablet":{"background-color":"var(--ast-global-color-5)","background-image":"","background-repeat":"repeat","background-position":"center center","background-size":"auto","background-attachment":"scroll","background-type":"","background-media":"","overlay-type":"","overlay-color":"","overlay-opacity":"","overlay-gradient":""},"mobile":{"background-color":"var(--ast-global-color-5)","background-image":"","background-repeat":"repeat","background-position":"center center","background-size":"auto","background-attachment":"scroll","background-type":"","background-media":"","overlay-type":"","overlay-color":"","overlay-opacity":"","overlay-gradient":""}},"footnotes":""},"categories":[4],"tags":[],"class_list":["post-938","post","type-post","status-publish","format-standard","has-post-thumbnail","hentry","category-nyheter"],"yoast_head":"<!-- This site is optimized with the Yoast SEO Premium plugin v26.4 (Yoast SEO v27.5) - https:\/\/yoast.com\/product\/yoast-seo-premium-wordpress\/ -->\n<title>AF Gruppen utvider samarbeidet med Effera - effera.no<\/title>\n<meta name=\"robots\" content=\"index, follow, max-snippet:-1, max-image-preview:large, max-video-preview:-1\" \/>\n<link rel=\"canonical\" href=\"https:\/\/www.effera.no\/en\/artikler\/af-gruppen-utvider-samarbeidet-med-effera\/\" \/>\n<meta property=\"og:locale\" content=\"en_US\" \/>\n<meta property=\"og:type\" content=\"article\" \/>\n<meta property=\"og:title\" content=\"AF Gruppen utvider samarbeidet med Effera\" \/>\n<meta property=\"og:description\" content=\"Effera skal levere sikkerhetsl\u00f8sninger i ny krafttunnel til Regjeringskvartalet ved Akershusstranda.\" \/>\n<meta property=\"og:url\" content=\"https:\/\/www.effera.no\/en\/artikler\/af-gruppen-utvider-samarbeidet-med-effera\/\" \/>\n<meta property=\"og:site_name\" content=\"effera.no\" \/>\n<meta property=\"article:publisher\" content=\"https:\/\/www.facebook.com\/effera.no\" \/>\n<meta property=\"article:published_time\" content=\"2020-06-05T13:01:00+00:00\" \/>\n<meta property=\"article:modified_time\" content=\"2020-06-29T11:19:40+00:00\" \/>\n<meta property=\"og:image\" content=\"https:\/\/www.effera.no\/wp-content\/uploads\/2020\/06\/AF-Gruppen-utvider-samarbeidet-med-Effera-Arild-Nesheim-Salgssjef-Effera.jpg\" \/>\n\t<meta property=\"og:image:width\" content=\"1920\" \/>\n\t<meta property=\"og:image:height\" content=\"1080\" \/>\n\t<meta property=\"og:image:type\" content=\"image\/jpeg\" \/>\n<meta name=\"author\" content=\"Ivan M\u00e6land\" \/>\n<meta name=\"twitter:card\" content=\"summary_large_image\" \/>\n<meta name=\"twitter:label1\" content=\"Written by\" \/>\n\t<meta name=\"twitter:data1\" content=\"Ivan M\u00e6land\" \/>\n\t<meta name=\"twitter:label2\" content=\"Est. reading time\" \/>\n\t<meta name=\"twitter:data2\" content=\"1 minute\" \/>\n<script type=\"application\/ld+json\" class=\"yoast-schema-graph\">{\"@context\":\"https:\\\/\\\/schema.org\",\"@graph\":[{\"@type\":\"Article\",\"@id\":\"https:\\\/\\\/www.effera.no\\\/en\\\/artikler\\\/af-gruppen-utvider-samarbeidet-med-effera\\\/#article\",\"isPartOf\":{\"@id\":\"https:\\\/\\\/www.effera.no\\\/en\\\/artikler\\\/af-gruppen-utvider-samarbeidet-med-effera\\\/\"},\"author\":{\"name\":\"Ivan M\u00e6land\",\"@id\":\"https:\\\/\\\/www.effera.no\\\/#\\\/schema\\\/person\\\/b8615faa7c7b04c6860006a6b0797dd9\"},\"headline\":\"AF Gruppen utvider samarbeidet med Effera\",\"datePublished\":\"2020-06-05T13:01:00+00:00\",\"dateModified\":\"2020-06-29T11:19:40+00:00\",\"mainEntityOfPage\":{\"@id\":\"https:\\\/\\\/www.effera.no\\\/en\\\/artikler\\\/af-gruppen-utvider-samarbeidet-med-effera\\\/\"},\"wordCount\":184,\"publisher\":{\"@id\":\"https:\\\/\\\/www.effera.no\\\/#organization\"},\"image\":{\"@id\":\"https:\\\/\\\/www.effera.no\\\/en\\\/artikler\\\/af-gruppen-utvider-samarbeidet-med-effera\\\/#primaryimage\"},\"thumbnailUrl\":\"https:\\\/\\\/www.effera.no\\\/wp-content\\\/uploads\\\/2020\\\/06\\\/AF-Gruppen-utvider-samarbeidet-med-Effera-Arild-Nesheim-Salgssjef-Effera.jpg\",\"articleSection\":[\"Nyheter\"],\"inLanguage\":\"en-US\"},{\"@type\":\"WebPage\",\"@id\":\"https:\\\/\\\/www.effera.no\\\/en\\\/artikler\\\/af-gruppen-utvider-samarbeidet-med-effera\\\/\",\"url\":\"https:\\\/\\\/www.effera.no\\\/en\\\/artikler\\\/af-gruppen-utvider-samarbeidet-med-effera\\\/\",\"name\":\"AF Gruppen utvider samarbeidet med Effera - effera.no\",\"isPartOf\":{\"@id\":\"https:\\\/\\\/www.effera.no\\\/#website\"},\"primaryImageOfPage\":{\"@id\":\"https:\\\/\\\/www.effera.no\\\/en\\\/artikler\\\/af-gruppen-utvider-samarbeidet-med-effera\\\/#primaryimage\"},\"image\":{\"@id\":\"https:\\\/\\\/www.effera.no\\\/en\\\/artikler\\\/af-gruppen-utvider-samarbeidet-med-effera\\\/#primaryimage\"},\"thumbnailUrl\":\"https:\\\/\\\/www.effera.no\\\/wp-content\\\/uploads\\\/2020\\\/06\\\/AF-Gruppen-utvider-samarbeidet-med-Effera-Arild-Nesheim-Salgssjef-Effera.jpg\",\"datePublished\":\"2020-06-05T13:01:00+00:00\",\"dateModified\":\"2020-06-29T11:19:40+00:00\",\"breadcrumb\":{\"@id\":\"https:\\\/\\\/www.effera.no\\\/en\\\/artikler\\\/af-gruppen-utvider-samarbeidet-med-effera\\\/#breadcrumb\"},\"inLanguage\":\"en-US\",\"potentialAction\":[{\"@type\":\"ReadAction\",\"target\":[\"https:\\\/\\\/www.effera.no\\\/en\\\/artikler\\\/af-gruppen-utvider-samarbeidet-med-effera\\\/\"]}]},{\"@type\":\"ImageObject\",\"inLanguage\":\"en-US\",\"@id\":\"https:\\\/\\\/www.effera.no\\\/en\\\/artikler\\\/af-gruppen-utvider-samarbeidet-med-effera\\\/#primaryimage\",\"url\":\"https:\\\/\\\/www.effera.no\\\/wp-content\\\/uploads\\\/2020\\\/06\\\/AF-Gruppen-utvider-samarbeidet-med-Effera-Arild-Nesheim-Salgssjef-Effera.jpg\",\"contentUrl\":\"https:\\\/\\\/www.effera.no\\\/wp-content\\\/uploads\\\/2020\\\/06\\\/AF-Gruppen-utvider-samarbeidet-med-Effera-Arild-Nesheim-Salgssjef-Effera.jpg\",\"width\":1920,\"height\":1080},{\"@type\":\"BreadcrumbList\",\"@id\":\"https:\\\/\\\/www.effera.no\\\/en\\\/artikler\\\/af-gruppen-utvider-samarbeidet-med-effera\\\/#breadcrumb\",\"itemListElement\":[{\"@type\":\"ListItem\",\"position\":1,\"name\":\"Hjem\",\"item\":\"https:\\\/\\\/www.effera.no\\\/\"},{\"@type\":\"ListItem\",\"position\":2,\"name\":\"AF Gruppen utvider samarbeidet med Effera\"}]},{\"@type\":\"WebSite\",\"@id\":\"https:\\\/\\\/www.effera.no\\\/#website\",\"url\":\"https:\\\/\\\/www.effera.no\\\/\",\"name\":\"effera.no\",\"description\":\"\",\"publisher\":{\"@id\":\"https:\\\/\\\/www.effera.no\\\/#organization\"},\"potentialAction\":[{\"@type\":\"SearchAction\",\"target\":{\"@type\":\"EntryPoint\",\"urlTemplate\":\"https:\\\/\\\/www.effera.no\\\/?s={search_term_string}\"},\"query-input\":{\"@type\":\"PropertyValueSpecification\",\"valueRequired\":true,\"valueName\":\"search_term_string\"}}],\"inLanguage\":\"en-US\"},{\"@type\":\"Organization\",\"@id\":\"https:\\\/\\\/www.effera.no\\\/#organization\",\"name\":\"effera.no\",\"url\":\"https:\\\/\\\/www.effera.no\\\/\",\"logo\":{\"@type\":\"ImageObject\",\"inLanguage\":\"en-US\",\"@id\":\"https:\\\/\\\/www.effera.no\\\/#\\\/schema\\\/logo\\\/image\\\/\",\"url\":\"https:\\\/\\\/www.effera.no\\\/wp-content\\\/uploads\\\/2020\\\/03\\\/Logo.png\",\"contentUrl\":\"https:\\\/\\\/www.effera.no\\\/wp-content\\\/uploads\\\/2020\\\/03\\\/Logo.png\",\"width\":155,\"height\":44,\"caption\":\"effera.no\"},\"image\":{\"@id\":\"https:\\\/\\\/www.effera.no\\\/#\\\/schema\\\/logo\\\/image\\\/\"},\"sameAs\":[\"https:\\\/\\\/www.facebook.com\\\/effera.no\",\"https:\\\/\\\/no.linkedin.com\\\/company\\\/effera\",\"https:\\\/\\\/www.instagram.com\\\/effera.as\\\/\"]},{\"@type\":\"Person\",\"@id\":\"https:\\\/\\\/www.effera.no\\\/#\\\/schema\\\/person\\\/b8615faa7c7b04c6860006a6b0797dd9\",\"name\":\"Ivan M\u00e6land\",\"image\":{\"@type\":\"ImageObject\",\"inLanguage\":\"en-US\",\"@id\":\"https:\\\/\\\/secure.gravatar.com\\\/avatar\\\/122489371cf2bea9a5a0fd66a705fdd991898d80bc38c0356252604bb0169e84?s=96&d=mm&r=g\",\"url\":\"https:\\\/\\\/secure.gravatar.com\\\/avatar\\\/122489371cf2bea9a5a0fd66a705fdd991898d80bc38c0356252604bb0169e84?s=96&d=mm&r=g\",\"contentUrl\":\"https:\\\/\\\/secure.gravatar.com\\\/avatar\\\/122489371cf2bea9a5a0fd66a705fdd991898d80bc38c0356252604bb0169e84?s=96&d=mm&r=g\",\"caption\":\"Ivan M\u00e6land\"},\"sameAs\":[\"http:\\\/\\\/effera.no\"],\"url\":\"https:\\\/\\\/www.effera.no\\\/en\\\/artikler\\\/author\\\/im_superbruger_eretiten_757746\\\/\"}]}<\/script>\n<!-- \/ Yoast SEO Premium plugin. -->","yoast_head_json":{"title":"AF Gruppen utvider samarbeidet med Effera - effera.no","robots":{"index":"index","follow":"follow","max-snippet":"max-snippet:-1","max-image-preview":"max-image-preview:large","max-video-preview":"max-video-preview:-1"},"canonical":"https:\/\/www.effera.no\/en\/artikler\/af-gruppen-utvider-samarbeidet-med-effera\/","og_locale":"en_US","og_type":"article","og_title":"AF Gruppen utvider samarbeidet med Effera","og_description":"Effera skal levere sikkerhetsl\u00f8sninger i ny krafttunnel til Regjeringskvartalet ved Akershusstranda.","og_url":"https:\/\/www.effera.no\/en\/artikler\/af-gruppen-utvider-samarbeidet-med-effera\/","og_site_name":"effera.no","article_publisher":"https:\/\/www.facebook.com\/effera.no","article_published_time":"2020-06-05T13:01:00+00:00","article_modified_time":"2020-06-29T11:19:40+00:00","og_image":[{"width":1920,"height":1080,"url":"https:\/\/www.effera.no\/wp-content\/uploads\/2020\/06\/AF-Gruppen-utvider-samarbeidet-med-Effera-Arild-Nesheim-Salgssjef-Effera.jpg","type":"image\/jpeg"}],"author":"Ivan M\u00e6land","twitter_card":"summary_large_image","twitter_misc":{"Written by":"Ivan M\u00e6land","Est. reading time":"1 minute"},"schema":{"@context":"https:\/\/schema.org","@graph":[{"@type":"Article","@id":"https:\/\/www.effera.no\/en\/artikler\/af-gruppen-utvider-samarbeidet-med-effera\/#article","isPartOf":{"@id":"https:\/\/www.effera.no\/en\/artikler\/af-gruppen-utvider-samarbeidet-med-effera\/"},"author":{"name":"Ivan M\u00e6land","@id":"https:\/\/www.effera.no\/#\/schema\/person\/b8615faa7c7b04c6860006a6b0797dd9"},"headline":"AF Gruppen utvider samarbeidet med Effera","datePublished":"2020-06-05T13:01:00+00:00","dateModified":"2020-06-29T11:19:40+00:00","mainEntityOfPage":{"@id":"https:\/\/www.effera.no\/en\/artikler\/af-gruppen-utvider-samarbeidet-med-effera\/"},"wordCount":184,"publisher":{"@id":"https:\/\/www.effera.no\/#organization"},"image":{"@id":"https:\/\/www.effera.no\/en\/artikler\/af-gruppen-utvider-samarbeidet-med-effera\/#primaryimage"},"thumbnailUrl":"https:\/\/www.effera.no\/wp-content\/uploads\/2020\/06\/AF-Gruppen-utvider-samarbeidet-med-Effera-Arild-Nesheim-Salgssjef-Effera.jpg","articleSection":["Nyheter"],"inLanguage":"en-US"},{"@type":"WebPage","@id":"https:\/\/www.effera.no\/en\/artikler\/af-gruppen-utvider-samarbeidet-med-effera\/","url":"https:\/\/www.effera.no\/en\/artikler\/af-gruppen-utvider-samarbeidet-med-effera\/","name":"AF Gruppen utvider samarbeidet med Effera - effera.no","isPartOf":{"@id":"https:\/\/www.effera.no\/#website"},"primaryImageOfPage":{"@id":"https:\/\/www.effera.no\/en\/artikler\/af-gruppen-utvider-samarbeidet-med-effera\/#primaryimage"},"image":{"@id":"https:\/\/www.effera.no\/en\/artikler\/af-gruppen-utvider-samarbeidet-med-effera\/#primaryimage"},"thumbnailUrl":"https:\/\/www.effera.no\/wp-content\/uploads\/2020\/06\/AF-Gruppen-utvider-samarbeidet-med-Effera-Arild-Nesheim-Salgssjef-Effera.jpg","datePublished":"2020-06-05T13:01:00+00:00","dateModified":"2020-06-29T11:19:40+00:00","breadcrumb":{"@id":"https:\/\/www.effera.no\/en\/artikler\/af-gruppen-utvider-samarbeidet-med-effera\/#breadcrumb"},"inLanguage":"en-US","potentialAction":[{"@type":"ReadAction","target":["https:\/\/www.effera.no\/en\/artikler\/af-gruppen-utvider-samarbeidet-med-effera\/"]}]},{"@type":"ImageObject","inLanguage":"en-US","@id":"https:\/\/www.effera.no\/en\/artikler\/af-gruppen-utvider-samarbeidet-med-effera\/#primaryimage","url":"https:\/\/www.effera.no\/wp-content\/uploads\/2020\/06\/AF-Gruppen-utvider-samarbeidet-med-Effera-Arild-Nesheim-Salgssjef-Effera.jpg","contentUrl":"https:\/\/www.effera.no\/wp-content\/uploads\/2020\/06\/AF-Gruppen-utvider-samarbeidet-med-Effera-Arild-Nesheim-Salgssjef-Effera.jpg","width":1920,"height":1080},{"@type":"BreadcrumbList","@id":"https:\/\/www.effera.no\/en\/artikler\/af-gruppen-utvider-samarbeidet-med-effera\/#breadcrumb","itemListElement":[{"@type":"ListItem","position":1,"name":"Hjem","item":"https:\/\/www.effera.no\/"},{"@type":"ListItem","position":2,"name":"AF Gruppen utvider samarbeidet med Effera"}]},{"@type":"WebSite","@id":"https:\/\/www.effera.no\/#website","url":"https:\/\/www.effera.no\/","name":"effera.no","description":"","publisher":{"@id":"https:\/\/www.effera.no\/#organization"},"potentialAction":[{"@type":"SearchAction","target":{"@type":"EntryPoint","urlTemplate":"https:\/\/www.effera.no\/?s={search_term_string}"},"query-input":{"@type":"PropertyValueSpecification","valueRequired":true,"valueName":"search_term_string"}}],"inLanguage":"en-US"},{"@type":"Organization","@id":"https:\/\/www.effera.no\/#organization","name":"effera.no","url":"https:\/\/www.effera.no\/","logo":{"@type":"ImageObject","inLanguage":"en-US","@id":"https:\/\/www.effera.no\/#\/schema\/logo\/image\/","url":"https:\/\/www.effera.no\/wp-content\/uploads\/2020\/03\/Logo.png","contentUrl":"https:\/\/www.effera.no\/wp-content\/uploads\/2020\/03\/Logo.png","width":155,"height":44,"caption":"effera.no"},"image":{"@id":"https:\/\/www.effera.no\/#\/schema\/logo\/image\/"},"sameAs":["https:\/\/www.facebook.com\/effera.no","https:\/\/no.linkedin.com\/company\/effera","https:\/\/www.instagram.com\/effera.as\/"]},{"@type":"Person","@id":"https:\/\/www.effera.no\/#\/schema\/person\/b8615faa7c7b04c6860006a6b0797dd9","name":"Ivan M\u00e6land","image":{"@type":"ImageObject","inLanguage":"en-US","@id":"https:\/\/secure.gravatar.com\/avatar\/122489371cf2bea9a5a0fd66a705fdd991898d80bc38c0356252604bb0169e84?s=96&d=mm&r=g","url":"https:\/\/secure.gravatar.com\/avatar\/122489371cf2bea9a5a0fd66a705fdd991898d80bc38c0356252604bb0169e84?s=96&d=mm&r=g","contentUrl":"https:\/\/secure.gravatar.com\/avatar\/122489371cf2bea9a5a0fd66a705fdd991898d80bc38c0356252604bb0169e84?s=96&d=mm&r=g","caption":"Ivan M\u00e6land"},"sameAs":["http:\/\/effera.no"],"url":"https:\/\/www.effera.no\/en\/artikler\/author\/im_superbruger_eretiten_757746\/"}]}},"uagb_featured_image_src":{"full":["https:\/\/www.effera.no\/wp-content\/uploads\/2020\/06\/AF-Gruppen-utvider-samarbeidet-med-Effera-Arild-Nesheim-Salgssjef-Effera.jpg",1920,1080,false],"thumbnail":["https:\/\/www.effera.no\/wp-content\/uploads\/2020\/06\/AF-Gruppen-utvider-samarbeidet-med-Effera-Arild-Nesheim-Salgssjef-Effera-150x150.jpg",150,150,true],"medium":["https:\/\/www.effera.no\/wp-content\/uploads\/2020\/06\/AF-Gruppen-utvider-samarbeidet-med-Effera-Arild-Nesheim-Salgssjef-Effera-300x169.jpg",300,169,true],"medium_large":["https:\/\/www.effera.no\/wp-content\/uploads\/2020\/06\/AF-Gruppen-utvider-samarbeidet-med-Effera-Arild-Nesheim-Salgssjef-Effera-768x432.jpg",768,432,true],"large":["https:\/\/www.effera.no\/wp-content\/uploads\/2020\/06\/AF-Gruppen-utvider-samarbeidet-med-Effera-Arild-Nesheim-Salgssjef-Effera-1024x576.jpg",1024,576,true],"1536x1536":["https:\/\/www.effera.no\/wp-content\/uploads\/2020\/06\/AF-Gruppen-utvider-samarbeidet-med-Effera-Arild-Nesheim-Salgssjef-Effera-1536x864.jpg",1536,864,true],"2048x2048":["https:\/\/www.effera.no\/wp-content\/uploads\/2020\/06\/AF-Gruppen-utvider-samarbeidet-med-Effera-Arild-Nesheim-Salgssjef-Effera.jpg",1920,1080,false],"trp-custom-language-flag":["https:\/\/www.effera.no\/wp-content\/uploads\/2020\/06\/AF-Gruppen-utvider-samarbeidet-med-Effera-Arild-Nesheim-Salgssjef-Effera.jpg",18,10,false]},"uagb_author_info":{"display_name":"Ivan M\u00e6land","author_link":"https:\/\/www.effera.no\/en\/artikler\/author\/im_superbruger_eretiten_757746\/"},"uagb_comment_info":0,"uagb_excerpt":"Effera skal levere sikkerhetsl\u00f8sninger i ny krafttunnel til Regjeringskvartalet ved Akershusstranda.","_links":{"self":[{"href":"https:\/\/www.effera.no\/en\/wp-json\/wp\/v2\/posts\/938","targetHints":{"allow":["GET"]}}],"collection":[{"href":"https:\/\/www.effera.no\/en\/wp-json\/wp\/v2\/posts"}],"about":[{"href":"https:\/\/www.effera.no\/en\/wp-json\/wp\/v2\/types\/post"}],"author":[{"embeddable":true,"href":"https:\/\/www.effera.no\/en\/wp-json\/wp\/v2\/users\/7"}],"replies":[{"embeddable":true,"href":"https:\/\/www.effera.no\/en\/wp-json\/wp\/v2\/comments?post=938"}],"version-history":[{"count":0,"href":"https:\/\/www.effera.no\/en\/wp-json\/wp\/v2\/posts\/938\/revisions"}],"wp:featuredmedia":[{"embeddable":true,"href":"https:\/\/www.effera.no\/en\/wp-json\/wp\/v2\/media\/939"}],"wp:attachment":[{"href":"https:\/\/www.effera.no\/en\/wp-json\/wp\/v2\/media?parent=938"}],"wp:term":[{"taxonomy":"category","embeddable":true,"href":"https:\/\/www.effera.no\/en\/wp-json\/wp\/v2\/categories?post=938"},{"taxonomy":"post_tag","embeddable":true,"href":"https:\/\/www.effera.no\/en\/wp-json\/wp\/v2\/tags?post=938"}],"curies":[{"name":"wp","href":"https:\/\/api.w.org\/{rel}","templated":true}]}}