{"id":2963,"date":"2025-11-18T14:52:16","date_gmt":"2025-11-18T12:52:16","guid":{"rendered":"https:\/\/www.effera.no\/?p=2963"},"modified":"2025-11-20T11:26:26","modified_gmt":"2025-11-20T09:26:26","slug":"roldal-seljestad","status":"publish","type":"post","link":"https:\/\/www.effera.no\/en\/artikler\/roldal-seljestad\/","title":{"rendered":"R\u00f8ldal\u2013Seljestad"},"content":{"rendered":"<figure class=\"wp-block-image size-large is-resized\"><img loading=\"lazy\" decoding=\"async\" width=\"1024\" height=\"768\" src=\"https:\/\/www.effera.no\/wp-content\/uploads\/2025\/11\/Roldal-1024x768.jpg\" alt=\"Vi er stolte over \u00e5 v\u00e6re med p\u00e5 prosjektet med den 12,4 km lange R\u00f8ldalstunnelen\u00a0sammen med Metrostav Norge AS.\" class=\"wp-image-2964\" style=\"width:617px;height:auto\" srcset=\"https:\/\/www.effera.no\/wp-content\/uploads\/2025\/11\/Roldal-1024x768.jpg 1024w, https:\/\/www.effera.no\/wp-content\/uploads\/2025\/11\/Roldal-300x225.jpg 300w, https:\/\/www.effera.no\/wp-content\/uploads\/2025\/11\/Roldal-768x576.jpg 768w, https:\/\/www.effera.no\/wp-content\/uploads\/2025\/11\/Roldal-1536x1152.jpg 1536w, https:\/\/www.effera.no\/wp-content\/uploads\/2025\/11\/Roldal-16x12.jpg 16w, https:\/\/www.effera.no\/wp-content\/uploads\/2025\/11\/Roldal.jpg 1920w\" sizes=\"auto, (max-width: 1024px) 100vw, 1024px\" \/><\/figure>\n\n\n\n<p>Vi er stolte over \u00e5 v\u00e6re med p\u00e5 prosjektet med den 12,4 km lange R\u00f8ldalstunnelen&nbsp;sammen med <a href=\"https:\/\/www.linkedin.com\/company\/metrostav-norge-as\/\">Metrostav Norge AS<\/a>.<br>P\u00e5 dette prosjektet leverer vi:<br>\u2705 Adgangskontroll<br>\u2705 Mannskapslister<br>\u2705 Wi-Fi i tunnel<br>\u2705 Ventilasjonsstyring via app<br>\u2705 Brann og Evakueringsalarm<br>\u2705 UHF-radiodekning<br>Det er en glede \u00e5 kunne bidra med smarte l\u00f8sninger som gir tryggere og mer effektive anleggsdager!<\/p>\n\n\n\n<p><\/p>","protected":false},"excerpt":{"rendered":"<p>Vi er stolte over \u00e5 v\u00e6re med p\u00e5 prosjektet med den 12,4 km lange R\u00f8ldalstunnelen\u00a0sammen med Metrostav Norge AS.<\/p>","protected":false},"author":13,"featured_media":2965,"comment_status":"closed","ping_status":"open","sticky":false,"template":"","format":"standard","meta":{"_uag_custom_page_level_css":"","site-sidebar-layout":"default","site-content-layout":"","ast-site-content-layout":"default","site-content-style":"default","site-sidebar-style":"default","ast-global-header-display":"","ast-banner-title-visibility":"","ast-main-header-display":"","ast-hfb-above-header-display":"","ast-hfb-below-header-display":"","ast-hfb-mobile-header-display":"","site-post-title":"","ast-breadcrumbs-content":"","ast-featured-img":"disabled","footer-sml-layout":"","ast-disable-related-posts":"","theme-transparent-header-meta":"","adv-header-id-meta":"","stick-header-meta":"","header-above-stick-meta":"","header-main-stick-meta":"","header-below-stick-meta":"","astra-migrate-meta-layouts":"set","ast-page-background-enabled":"default","ast-page-background-meta":{"desktop":{"background-color":"","background-image":"","background-repeat":"repeat","background-position":"center center","background-size":"auto","background-attachment":"scroll","background-type":"","background-media":"","overlay-type":"","overlay-color":"","overlay-opacity":"","overlay-gradient":""},"tablet":{"background-color":"","background-image":"","background-repeat":"repeat","background-position":"center center","background-size":"auto","background-attachment":"scroll","background-type":"","background-media":"","overlay-type":"","overlay-color":"","overlay-opacity":"","overlay-gradient":""},"mobile":{"background-color":"","background-image":"","background-repeat":"repeat","background-position":"center center","background-size":"auto","background-attachment":"scroll","background-type":"","background-media":"","overlay-type":"","overlay-color":"","overlay-opacity":"","overlay-gradient":""}},"ast-content-background-meta":{"desktop":{"background-color":"var(--ast-global-color-5)","background-image":"","background-repeat":"repeat","background-position":"center center","background-size":"auto","background-attachment":"scroll","background-type":"","background-media":"","overlay-type":"","overlay-color":"","overlay-opacity":"","overlay-gradient":""},"tablet":{"background-color":"var(--ast-global-color-5)","background-image":"","background-repeat":"repeat","background-position":"center center","background-size":"auto","background-attachment":"scroll","background-type":"","background-media":"","overlay-type":"","overlay-color":"","overlay-opacity":"","overlay-gradient":""},"mobile":{"background-color":"var(--ast-global-color-5)","background-image":"","background-repeat":"repeat","background-position":"center center","background-size":"auto","background-attachment":"scroll","background-type":"","background-media":"","overlay-type":"","overlay-color":"","overlay-opacity":"","overlay-gradient":""}},"footnotes":""},"categories":[4],"tags":[],"class_list":["post-2963","post","type-post","status-publish","format-standard","has-post-thumbnail","hentry","category-nyheter"],"yoast_head":"<!-- This site is optimized with the Yoast SEO Premium plugin v26.4 (Yoast SEO v27.5) - https:\/\/yoast.com\/product\/yoast-seo-premium-wordpress\/ -->\n<title>R\u00f8ldal\u2013Seljestad - effera.no<\/title>\n<meta name=\"robots\" content=\"index, follow, max-snippet:-1, max-image-preview:large, max-video-preview:-1\" \/>\n<link rel=\"canonical\" href=\"https:\/\/www.effera.no\/en\/artikler\/roldal-seljestad\/\" \/>\n<meta property=\"og:locale\" content=\"en_US\" \/>\n<meta property=\"og:type\" content=\"article\" \/>\n<meta property=\"og:title\" content=\"R\u00f8ldal\u2013Seljestad\" \/>\n<meta property=\"og:description\" content=\"Vi er stolte over \u00e5 v\u00e6re med p\u00e5 prosjektet med den 12,4 km lange R\u00f8ldalstunnelen\u00a0sammen med Metrostav Norge AS.\" \/>\n<meta property=\"og:url\" content=\"https:\/\/www.effera.no\/en\/artikler\/roldal-seljestad\/\" \/>\n<meta property=\"og:site_name\" content=\"effera.no\" \/>\n<meta property=\"article:publisher\" content=\"https:\/\/www.facebook.com\/effera.no\" \/>\n<meta property=\"article:published_time\" content=\"2025-11-18T12:52:16+00:00\" \/>\n<meta property=\"article:modified_time\" content=\"2025-11-20T09:26:26+00:00\" \/>\n<meta property=\"og:image\" content=\"https:\/\/www.effera.no\/wp-content\/uploads\/2025\/11\/Roldal-1.jpg\" \/>\n\t<meta property=\"og:image:width\" content=\"1920\" \/>\n\t<meta property=\"og:image:height\" content=\"1440\" \/>\n\t<meta property=\"og:image:type\" content=\"image\/jpeg\" \/>\n<meta name=\"author\" content=\"Espen Storhei\" \/>\n<meta name=\"twitter:card\" content=\"summary_large_image\" \/>\n<meta name=\"twitter:label1\" content=\"Written by\" \/>\n\t<meta name=\"twitter:data1\" content=\"Espen Storhei\" \/>\n\t<meta name=\"twitter:label2\" content=\"Est. reading time\" \/>\n\t<meta name=\"twitter:data2\" content=\"1 minute\" \/>\n<script type=\"application\/ld+json\" class=\"yoast-schema-graph\">{\"@context\":\"https:\\\/\\\/schema.org\",\"@graph\":[{\"@type\":\"Article\",\"@id\":\"https:\\\/\\\/www.effera.no\\\/artikler\\\/roldal-seljestad\\\/#article\",\"isPartOf\":{\"@id\":\"https:\\\/\\\/www.effera.no\\\/artikler\\\/roldal-seljestad\\\/\"},\"author\":{\"name\":\"Espen Storhei\",\"@id\":\"https:\\\/\\\/www.effera.no\\\/#\\\/schema\\\/person\\\/331cf8fbbecca7ff88d8bb0f9747e17e\"},\"headline\":\"R\u00f8ldal\u2013Seljestad\",\"datePublished\":\"2025-11-18T12:52:16+00:00\",\"dateModified\":\"2025-11-20T09:26:26+00:00\",\"mainEntityOfPage\":{\"@id\":\"https:\\\/\\\/www.effera.no\\\/artikler\\\/roldal-seljestad\\\/\"},\"wordCount\":57,\"publisher\":{\"@id\":\"https:\\\/\\\/www.effera.no\\\/#organization\"},\"image\":{\"@id\":\"https:\\\/\\\/www.effera.no\\\/artikler\\\/roldal-seljestad\\\/#primaryimage\"},\"thumbnailUrl\":\"https:\\\/\\\/www.effera.no\\\/wp-content\\\/uploads\\\/2025\\\/11\\\/Roldal-1.jpg\",\"articleSection\":[\"Nyheter\"],\"inLanguage\":\"en-US\"},{\"@type\":\"WebPage\",\"@id\":\"https:\\\/\\\/www.effera.no\\\/artikler\\\/roldal-seljestad\\\/\",\"url\":\"https:\\\/\\\/www.effera.no\\\/artikler\\\/roldal-seljestad\\\/\",\"name\":\"R\u00f8ldal\u2013Seljestad - effera.no\",\"isPartOf\":{\"@id\":\"https:\\\/\\\/www.effera.no\\\/#website\"},\"primaryImageOfPage\":{\"@id\":\"https:\\\/\\\/www.effera.no\\\/artikler\\\/roldal-seljestad\\\/#primaryimage\"},\"image\":{\"@id\":\"https:\\\/\\\/www.effera.no\\\/artikler\\\/roldal-seljestad\\\/#primaryimage\"},\"thumbnailUrl\":\"https:\\\/\\\/www.effera.no\\\/wp-content\\\/uploads\\\/2025\\\/11\\\/Roldal-1.jpg\",\"datePublished\":\"2025-11-18T12:52:16+00:00\",\"dateModified\":\"2025-11-20T09:26:26+00:00\",\"breadcrumb\":{\"@id\":\"https:\\\/\\\/www.effera.no\\\/artikler\\\/roldal-seljestad\\\/#breadcrumb\"},\"inLanguage\":\"en-US\",\"potentialAction\":[{\"@type\":\"ReadAction\",\"target\":[\"https:\\\/\\\/www.effera.no\\\/artikler\\\/roldal-seljestad\\\/\"]}]},{\"@type\":\"ImageObject\",\"inLanguage\":\"en-US\",\"@id\":\"https:\\\/\\\/www.effera.no\\\/artikler\\\/roldal-seljestad\\\/#primaryimage\",\"url\":\"https:\\\/\\\/www.effera.no\\\/wp-content\\\/uploads\\\/2025\\\/11\\\/Roldal-1.jpg\",\"contentUrl\":\"https:\\\/\\\/www.effera.no\\\/wp-content\\\/uploads\\\/2025\\\/11\\\/Roldal-1.jpg\",\"width\":1920,\"height\":1440},{\"@type\":\"BreadcrumbList\",\"@id\":\"https:\\\/\\\/www.effera.no\\\/artikler\\\/roldal-seljestad\\\/#breadcrumb\",\"itemListElement\":[{\"@type\":\"ListItem\",\"position\":1,\"name\":\"Hjem\",\"item\":\"https:\\\/\\\/www.effera.no\\\/\"},{\"@type\":\"ListItem\",\"position\":2,\"name\":\"R\u00f8ldal\u2013Seljestad\"}]},{\"@type\":\"WebSite\",\"@id\":\"https:\\\/\\\/www.effera.no\\\/#website\",\"url\":\"https:\\\/\\\/www.effera.no\\\/\",\"name\":\"effera.no\",\"description\":\"\",\"publisher\":{\"@id\":\"https:\\\/\\\/www.effera.no\\\/#organization\"},\"potentialAction\":[{\"@type\":\"SearchAction\",\"target\":{\"@type\":\"EntryPoint\",\"urlTemplate\":\"https:\\\/\\\/www.effera.no\\\/?s={search_term_string}\"},\"query-input\":{\"@type\":\"PropertyValueSpecification\",\"valueRequired\":true,\"valueName\":\"search_term_string\"}}],\"inLanguage\":\"en-US\"},{\"@type\":\"Organization\",\"@id\":\"https:\\\/\\\/www.effera.no\\\/#organization\",\"name\":\"effera.no\",\"url\":\"https:\\\/\\\/www.effera.no\\\/\",\"logo\":{\"@type\":\"ImageObject\",\"inLanguage\":\"en-US\",\"@id\":\"https:\\\/\\\/www.effera.no\\\/#\\\/schema\\\/logo\\\/image\\\/\",\"url\":\"https:\\\/\\\/www.effera.no\\\/wp-content\\\/uploads\\\/2020\\\/03\\\/Logo.png\",\"contentUrl\":\"https:\\\/\\\/www.effera.no\\\/wp-content\\\/uploads\\\/2020\\\/03\\\/Logo.png\",\"width\":155,\"height\":44,\"caption\":\"effera.no\"},\"image\":{\"@id\":\"https:\\\/\\\/www.effera.no\\\/#\\\/schema\\\/logo\\\/image\\\/\"},\"sameAs\":[\"https:\\\/\\\/www.facebook.com\\\/effera.no\",\"https:\\\/\\\/no.linkedin.com\\\/company\\\/effera\",\"https:\\\/\\\/www.instagram.com\\\/effera.as\\\/\"]},{\"@type\":\"Person\",\"@id\":\"https:\\\/\\\/www.effera.no\\\/#\\\/schema\\\/person\\\/331cf8fbbecca7ff88d8bb0f9747e17e\",\"name\":\"Espen Storhei\",\"image\":{\"@type\":\"ImageObject\",\"inLanguage\":\"en-US\",\"@id\":\"https:\\\/\\\/secure.gravatar.com\\\/avatar\\\/beb21326a9c3b95dd5178adafe2ae76f7d8eaf4ac2402d55db43eebce7924101?s=96&d=mm&r=g\",\"url\":\"https:\\\/\\\/secure.gravatar.com\\\/avatar\\\/beb21326a9c3b95dd5178adafe2ae76f7d8eaf4ac2402d55db43eebce7924101?s=96&d=mm&r=g\",\"contentUrl\":\"https:\\\/\\\/secure.gravatar.com\\\/avatar\\\/beb21326a9c3b95dd5178adafe2ae76f7d8eaf4ac2402d55db43eebce7924101?s=96&d=mm&r=g\",\"caption\":\"Espen Storhei\"},\"url\":\"https:\\\/\\\/www.effera.no\\\/en\\\/artikler\\\/author\\\/zypheric\\\/\"}]}<\/script>\n<!-- \/ Yoast SEO Premium plugin. -->","yoast_head_json":{"title":"R\u00f8ldal\u2013Seljestad - effera.no","robots":{"index":"index","follow":"follow","max-snippet":"max-snippet:-1","max-image-preview":"max-image-preview:large","max-video-preview":"max-video-preview:-1"},"canonical":"https:\/\/www.effera.no\/en\/artikler\/roldal-seljestad\/","og_locale":"en_US","og_type":"article","og_title":"R\u00f8ldal\u2013Seljestad","og_description":"Vi er stolte over \u00e5 v\u00e6re med p\u00e5 prosjektet med den 12,4 km lange R\u00f8ldalstunnelen\u00a0sammen med Metrostav Norge AS.","og_url":"https:\/\/www.effera.no\/en\/artikler\/roldal-seljestad\/","og_site_name":"effera.no","article_publisher":"https:\/\/www.facebook.com\/effera.no","article_published_time":"2025-11-18T12:52:16+00:00","article_modified_time":"2025-11-20T09:26:26+00:00","og_image":[{"width":1920,"height":1440,"url":"https:\/\/www.effera.no\/wp-content\/uploads\/2025\/11\/Roldal-1.jpg","type":"image\/jpeg"}],"author":"Espen Storhei","twitter_card":"summary_large_image","twitter_misc":{"Written by":"Espen Storhei","Est. reading time":"1 minute"},"schema":{"@context":"https:\/\/schema.org","@graph":[{"@type":"Article","@id":"https:\/\/www.effera.no\/artikler\/roldal-seljestad\/#article","isPartOf":{"@id":"https:\/\/www.effera.no\/artikler\/roldal-seljestad\/"},"author":{"name":"Espen Storhei","@id":"https:\/\/www.effera.no\/#\/schema\/person\/331cf8fbbecca7ff88d8bb0f9747e17e"},"headline":"R\u00f8ldal\u2013Seljestad","datePublished":"2025-11-18T12:52:16+00:00","dateModified":"2025-11-20T09:26:26+00:00","mainEntityOfPage":{"@id":"https:\/\/www.effera.no\/artikler\/roldal-seljestad\/"},"wordCount":57,"publisher":{"@id":"https:\/\/www.effera.no\/#organization"},"image":{"@id":"https:\/\/www.effera.no\/artikler\/roldal-seljestad\/#primaryimage"},"thumbnailUrl":"https:\/\/www.effera.no\/wp-content\/uploads\/2025\/11\/Roldal-1.jpg","articleSection":["Nyheter"],"inLanguage":"en-US"},{"@type":"WebPage","@id":"https:\/\/www.effera.no\/artikler\/roldal-seljestad\/","url":"https:\/\/www.effera.no\/artikler\/roldal-seljestad\/","name":"R\u00f8ldal\u2013Seljestad - effera.no","isPartOf":{"@id":"https:\/\/www.effera.no\/#website"},"primaryImageOfPage":{"@id":"https:\/\/www.effera.no\/artikler\/roldal-seljestad\/#primaryimage"},"image":{"@id":"https:\/\/www.effera.no\/artikler\/roldal-seljestad\/#primaryimage"},"thumbnailUrl":"https:\/\/www.effera.no\/wp-content\/uploads\/2025\/11\/Roldal-1.jpg","datePublished":"2025-11-18T12:52:16+00:00","dateModified":"2025-11-20T09:26:26+00:00","breadcrumb":{"@id":"https:\/\/www.effera.no\/artikler\/roldal-seljestad\/#breadcrumb"},"inLanguage":"en-US","potentialAction":[{"@type":"ReadAction","target":["https:\/\/www.effera.no\/artikler\/roldal-seljestad\/"]}]},{"@type":"ImageObject","inLanguage":"en-US","@id":"https:\/\/www.effera.no\/artikler\/roldal-seljestad\/#primaryimage","url":"https:\/\/www.effera.no\/wp-content\/uploads\/2025\/11\/Roldal-1.jpg","contentUrl":"https:\/\/www.effera.no\/wp-content\/uploads\/2025\/11\/Roldal-1.jpg","width":1920,"height":1440},{"@type":"BreadcrumbList","@id":"https:\/\/www.effera.no\/artikler\/roldal-seljestad\/#breadcrumb","itemListElement":[{"@type":"ListItem","position":1,"name":"Hjem","item":"https:\/\/www.effera.no\/"},{"@type":"ListItem","position":2,"name":"R\u00f8ldal\u2013Seljestad"}]},{"@type":"WebSite","@id":"https:\/\/www.effera.no\/#website","url":"https:\/\/www.effera.no\/","name":"effera.no","description":"","publisher":{"@id":"https:\/\/www.effera.no\/#organization"},"potentialAction":[{"@type":"SearchAction","target":{"@type":"EntryPoint","urlTemplate":"https:\/\/www.effera.no\/?s={search_term_string}"},"query-input":{"@type":"PropertyValueSpecification","valueRequired":true,"valueName":"search_term_string"}}],"inLanguage":"en-US"},{"@type":"Organization","@id":"https:\/\/www.effera.no\/#organization","name":"effera.no","url":"https:\/\/www.effera.no\/","logo":{"@type":"ImageObject","inLanguage":"en-US","@id":"https:\/\/www.effera.no\/#\/schema\/logo\/image\/","url":"https:\/\/www.effera.no\/wp-content\/uploads\/2020\/03\/Logo.png","contentUrl":"https:\/\/www.effera.no\/wp-content\/uploads\/2020\/03\/Logo.png","width":155,"height":44,"caption":"effera.no"},"image":{"@id":"https:\/\/www.effera.no\/#\/schema\/logo\/image\/"},"sameAs":["https:\/\/www.facebook.com\/effera.no","https:\/\/no.linkedin.com\/company\/effera","https:\/\/www.instagram.com\/effera.as\/"]},{"@type":"Person","@id":"https:\/\/www.effera.no\/#\/schema\/person\/331cf8fbbecca7ff88d8bb0f9747e17e","name":"Espen Storhei","image":{"@type":"ImageObject","inLanguage":"en-US","@id":"https:\/\/secure.gravatar.com\/avatar\/beb21326a9c3b95dd5178adafe2ae76f7d8eaf4ac2402d55db43eebce7924101?s=96&d=mm&r=g","url":"https:\/\/secure.gravatar.com\/avatar\/beb21326a9c3b95dd5178adafe2ae76f7d8eaf4ac2402d55db43eebce7924101?s=96&d=mm&r=g","contentUrl":"https:\/\/secure.gravatar.com\/avatar\/beb21326a9c3b95dd5178adafe2ae76f7d8eaf4ac2402d55db43eebce7924101?s=96&d=mm&r=g","caption":"Espen Storhei"},"url":"https:\/\/www.effera.no\/en\/artikler\/author\/zypheric\/"}]}},"uagb_featured_image_src":{"full":["https:\/\/www.effera.no\/wp-content\/uploads\/2025\/11\/Roldal-1.jpg",1920,1440,false],"thumbnail":["https:\/\/www.effera.no\/wp-content\/uploads\/2025\/11\/Roldal-1-150x150.jpg",150,150,true],"medium":["https:\/\/www.effera.no\/wp-content\/uploads\/2025\/11\/Roldal-1-300x225.jpg",300,225,true],"medium_large":["https:\/\/www.effera.no\/wp-content\/uploads\/2025\/11\/Roldal-1-768x576.jpg",768,576,true],"large":["https:\/\/www.effera.no\/wp-content\/uploads\/2025\/11\/Roldal-1-1024x768.jpg",1024,768,true],"1536x1536":["https:\/\/www.effera.no\/wp-content\/uploads\/2025\/11\/Roldal-1-1536x1152.jpg",1536,1152,true],"2048x2048":["https:\/\/www.effera.no\/wp-content\/uploads\/2025\/11\/Roldal-1.jpg",1920,1440,false],"trp-custom-language-flag":["https:\/\/www.effera.no\/wp-content\/uploads\/2025\/11\/Roldal-1-16x12.jpg",16,12,true]},"uagb_author_info":{"display_name":"Espen Storhei","author_link":"https:\/\/www.effera.no\/en\/artikler\/author\/zypheric\/"},"uagb_comment_info":0,"uagb_excerpt":"Vi er stolte over \u00e5 v\u00e6re med p\u00e5 prosjektet med den 12,4 km lange R\u00f8ldalstunnelen\u00a0sammen med Metrostav Norge AS.","_links":{"self":[{"href":"https:\/\/www.effera.no\/en\/wp-json\/wp\/v2\/posts\/2963","targetHints":{"allow":["GET"]}}],"collection":[{"href":"https:\/\/www.effera.no\/en\/wp-json\/wp\/v2\/posts"}],"about":[{"href":"https:\/\/www.effera.no\/en\/wp-json\/wp\/v2\/types\/post"}],"author":[{"embeddable":true,"href":"https:\/\/www.effera.no\/en\/wp-json\/wp\/v2\/users\/13"}],"replies":[{"embeddable":true,"href":"https:\/\/www.effera.no\/en\/wp-json\/wp\/v2\/comments?post=2963"}],"version-history":[{"count":0,"href":"https:\/\/www.effera.no\/en\/wp-json\/wp\/v2\/posts\/2963\/revisions"}],"wp:featuredmedia":[{"embeddable":true,"href":"https:\/\/www.effera.no\/en\/wp-json\/wp\/v2\/media\/2965"}],"wp:attachment":[{"href":"https:\/\/www.effera.no\/en\/wp-json\/wp\/v2\/media?parent=2963"}],"wp:term":[{"taxonomy":"category","embeddable":true,"href":"https:\/\/www.effera.no\/en\/wp-json\/wp\/v2\/categories?post=2963"},{"taxonomy":"post_tag","embeddable":true,"href":"https:\/\/www.effera.no\/en\/wp-json\/wp\/v2\/tags?post=2963"}],"curies":[{"name":"wp","href":"https:\/\/api.w.org\/{rel}","templated":true}]}}