{"id":1240,"date":"2020-12-15T16:31:09","date_gmt":"2020-12-15T14:31:09","guid":{"rendered":"https:\/\/www.effera.no\/?p=1240"},"modified":"2020-12-15T17:43:20","modified_gmt":"2020-12-15T15:43:20","slug":"effera-ansetter-som-folge-av-vekst","status":"publish","type":"post","link":"https:\/\/www.effera.no\/en\/artikler\/effera-ansetter-som-folge-av-vekst\/","title":{"rendered":"Effera ansetter som f\u00f8lge av vekst"},"content":{"rendered":"<section class=\"wp-block-uagb-section uagb-section__wrap uagb-section__background-undefined uagb-block-db176d6b\"><div class=\"uagb-section__overlay\"><\/div><div class=\"uagb-section__inner-wrap\">\n<figure class=\"wp-block-image size-large\"><img loading=\"lazy\" decoding=\"async\" width=\"1024\" height=\"768\" src=\"https:\/\/www.effera.no\/wp-content\/uploads\/2020\/12\/Mari-Rommetveit-Arild-Nesheim-Effera-1024x768.jpg\" alt=\"\" class=\"wp-image-1239\" srcset=\"https:\/\/www.effera.no\/wp-content\/uploads\/2020\/12\/Mari-Rommetveit-Arild-Nesheim-Effera-1024x768.jpg 1024w, https:\/\/www.effera.no\/wp-content\/uploads\/2020\/12\/Mari-Rommetveit-Arild-Nesheim-Effera-300x225.jpg 300w, https:\/\/www.effera.no\/wp-content\/uploads\/2020\/12\/Mari-Rommetveit-Arild-Nesheim-Effera-768x576.jpg 768w, https:\/\/www.effera.no\/wp-content\/uploads\/2020\/12\/Mari-Rommetveit-Arild-Nesheim-Effera-16x12.jpg 16w, https:\/\/www.effera.no\/wp-content\/uploads\/2020\/12\/Mari-Rommetveit-Arild-Nesheim-Effera.jpg 1280w\" sizes=\"auto, (max-width: 1024px) 100vw, 1024px\" \/><\/figure>\n\n\n\n<h2 class=\"has-text-color wp-block-heading\" style=\"color:#149b64\"><strong><strong><strong><strong><strong><strong><strong><strong>Effera ansetter som f\u00f8lge av vekst<\/strong><\/strong><\/strong><\/strong><\/strong><\/strong><\/strong><\/strong><\/h2>\n\n\n\n<h3 class=\"wp-block-heading\"><strong><strong><strong>Mari Rommetveit ble foretrukket blant 150 s\u00f8kere<\/strong><\/strong><\/strong><\/h3>\n\n\n\n<p>I h\u00f8st s\u00f8kte vi etter en backoffice medarbeider som f\u00f8lge av \u00f8kt satsning mot tunnel- og anleggsbransjen. Det var en formidabel interesse med hele 150 s\u00f8knader hvor Mari Rommetveit trakk det lengste str\u00e5et.<\/p>\n\n\n\n<p><em>\u00abJeg er utrolig stolt over \u00e5 f\u00e5 muligheten til \u00e5 jobbe i et av S\u00f8rlandets mest spennende teknologiselskap med s\u00e5 mange kompetente mennesker. Det var en meget grundig prosess hvor jeg umiddelbart kjente at Effera var riktig sted for meg.  Tidlig i prosessen ble jeg ogs\u00e5 sv\u00e6rt imponert over selskapets markedsposisjon og produktportef\u00f8lje, noe som har forsterket seg etter to uker i stillingen. All respekt for innsatsen som er lagt ned av mine kolleger, og hvilken solid markedsposjon de har oppn\u00e5dd p\u00e5 kort tid\u00bb <\/em>sier nyansatte Mari Rommetveit i Effera.<\/p>\n\n\n\n<p>Rommetveit har relevant erfaring etter n\u00e6rmere 5 \u00e5r i Tesla hvor hun var den f\u00f8rste som ble ansatt i Kristiansand. Hun var ansvarlig for det operasjonelle i forbindelse med levering av nye biler og la sin stolthet i \u00e5 innfri kundenes forventninger. N\u00e5 vil arbeidshverdagen inneb\u00e6re \u00e5 bidra til \u00e5 befeste v\u00e5r posisjon som markedsleder innen sikkerhetsl\u00f8sninger for tunnel- og anleggsbransjen.<\/p>\n\n\n\n<p><em>\u00abVi s\u00f8kte etter en backoffice medarbeider som vil styrke v\u00e5r kommersielle avdeling, og her er det ingen tvil om Maris faglige kompetanse. Det som alltid er avgj\u00f8rende n\u00e5r vi ansetter mennesker er deres evne til \u00e5 assosiere seg med v\u00e5re verdier. A<strong>rbeidsglede<\/strong>, <strong>presisjon<\/strong> and <strong>respekt <\/strong>er det som kjennetegner Effera og vi er overbevist om at Mari vil v\u00e6re en viktig ambassad\u00f8r for v\u00e5r prestasjonskultur\u00bb<\/em>&nbsp;forteller Arild Nesheim, salgssjef i Effera.<\/p>\n\n\n\n<p>Rommetveit inng\u00e5r i teamet til Nesheim og vil jobbe med tilbudsarbeid og oppf\u00f8lging av b\u00e5de eksisterende og nye kunder. Kundelisten er stadig \u00f8kende og inneholder i kjente merkenavn som AF Gruppen, H\u00e6hre Entrepren\u00f8r, Implenia, Veidekke, NCC, China Railway Tunnel Group m.fl.<\/p>\n\n\n\n<p><em>\u00abJeg er imponert over m\u00e5ten jeg har blitt tatt vare p\u00e5 i mine to f\u00f8rste uker, b\u00e5de faglig og sosialt. Det er motiverende \u00e5 ha en leder med h\u00f8y faglig integritet som har store forventninger til b\u00e5de meg og resten av organisasjonen. Jeg opplever stor forst\u00e5else for at b\u00e5de teknologi og bransje er nytt for meg, samtidig har onboardingprosessen v\u00e6rt s\u00e5 grundig og profesjonell at jeg er allerede er kommet godt i gang\u00bb avslutter Rommetveit.<\/em><\/p>\n\n\n\n<p><br>15.  desember 2020<\/p>\n<\/div><\/section>\n\n\n\n<p><\/p>","protected":false},"excerpt":{"rendered":"<p>Mari Rommetveit ble foretrukket blant 150 s\u00f8kere<\/p>","protected":false},"author":9,"featured_media":1239,"comment_status":"closed","ping_status":"open","sticky":false,"template":"","format":"standard","meta":{"_uag_custom_page_level_css":"","site-sidebar-layout":"default","site-content-layout":"default","ast-site-content-layout":"default","site-content-style":"default","site-sidebar-style":"default","ast-global-header-display":"","ast-banner-title-visibility":"","ast-main-header-display":"","ast-hfb-above-header-display":"","ast-hfb-below-header-display":"","ast-hfb-mobile-header-display":"","site-post-title":"disabled","ast-breadcrumbs-content":"","ast-featured-img":"disabled","footer-sml-layout":"","ast-disable-related-posts":"","theme-transparent-header-meta":"default","adv-header-id-meta":"","stick-header-meta":"default","header-above-stick-meta":"","header-main-stick-meta":"","header-below-stick-meta":"","astra-migrate-meta-layouts":"default","ast-page-background-enabled":"default","ast-page-background-meta":{"desktop":{"background-color":"","background-image":"","background-repeat":"repeat","background-position":"center center","background-size":"auto","background-attachment":"scroll","background-type":"","background-media":"","overlay-type":"","overlay-color":"","overlay-opacity":"","overlay-gradient":""},"tablet":{"background-color":"","background-image":"","background-repeat":"repeat","background-position":"center center","background-size":"auto","background-attachment":"scroll","background-type":"","background-media":"","overlay-type":"","overlay-color":"","overlay-opacity":"","overlay-gradient":""},"mobile":{"background-color":"","background-image":"","background-repeat":"repeat","background-position":"center center","background-size":"auto","background-attachment":"scroll","background-type":"","background-media":"","overlay-type":"","overlay-color":"","overlay-opacity":"","overlay-gradient":""}},"ast-content-background-meta":{"desktop":{"background-color":"var(--ast-global-color-5)","background-image":"","background-repeat":"repeat","background-position":"center center","background-size":"auto","background-attachment":"scroll","background-type":"","background-media":"","overlay-type":"","overlay-color":"","overlay-opacity":"","overlay-gradient":""},"tablet":{"background-color":"var(--ast-global-color-5)","background-image":"","background-repeat":"repeat","background-position":"center center","background-size":"auto","background-attachment":"scroll","background-type":"","background-media":"","overlay-type":"","overlay-color":"","overlay-opacity":"","overlay-gradient":""},"mobile":{"background-color":"var(--ast-global-color-5)","background-image":"","background-repeat":"repeat","background-position":"center center","background-size":"auto","background-attachment":"scroll","background-type":"","background-media":"","overlay-type":"","overlay-color":"","overlay-opacity":"","overlay-gradient":""}},"footnotes":""},"categories":[4],"tags":[],"class_list":["post-1240","post","type-post","status-publish","format-standard","has-post-thumbnail","hentry","category-nyheter"],"yoast_head":"<!-- This site is optimized with the Yoast SEO Premium plugin v26.4 (Yoast SEO v27.5) - https:\/\/yoast.com\/product\/yoast-seo-premium-wordpress\/ -->\n<title>Effera ansetter som f\u00f8lge av vekst - effera.no<\/title>\n<meta name=\"robots\" content=\"index, follow, max-snippet:-1, max-image-preview:large, max-video-preview:-1\" \/>\n<link rel=\"canonical\" href=\"https:\/\/www.effera.no\/en\/artikler\/effera-ansetter-som-folge-av-vekst\/\" \/>\n<meta property=\"og:locale\" content=\"en_US\" \/>\n<meta property=\"og:type\" content=\"article\" \/>\n<meta property=\"og:title\" content=\"Effera ansetter som f\u00f8lge av vekst\" \/>\n<meta property=\"og:description\" content=\"Mari Rommetveit ble foretrukket blant 150 s\u00f8kere\" \/>\n<meta property=\"og:url\" content=\"https:\/\/www.effera.no\/en\/artikler\/effera-ansetter-som-folge-av-vekst\/\" \/>\n<meta property=\"og:site_name\" content=\"effera.no\" \/>\n<meta property=\"article:publisher\" content=\"https:\/\/www.facebook.com\/effera.no\" \/>\n<meta property=\"article:published_time\" content=\"2020-12-15T14:31:09+00:00\" \/>\n<meta property=\"article:modified_time\" content=\"2020-12-15T15:43:20+00:00\" \/>\n<meta property=\"og:image\" content=\"https:\/\/www.effera.no\/wp-content\/uploads\/2020\/12\/Mari-Rommetveit-Arild-Nesheim-Effera.jpg\" \/>\n\t<meta property=\"og:image:width\" content=\"1280\" \/>\n\t<meta property=\"og:image:height\" content=\"960\" \/>\n\t<meta property=\"og:image:type\" content=\"image\/jpeg\" \/>\n<meta name=\"author\" content=\"Even \u00d8grey Brandsdal\" \/>\n<meta name=\"twitter:card\" content=\"summary_large_image\" \/>\n<meta name=\"twitter:label1\" content=\"Written by\" \/>\n\t<meta name=\"twitter:data1\" content=\"Even \u00d8grey Brandsdal\" \/>\n\t<meta name=\"twitter:label2\" content=\"Est. reading time\" \/>\n\t<meta name=\"twitter:data2\" content=\"2 minutes\" \/>\n<script type=\"application\/ld+json\" class=\"yoast-schema-graph\">{\"@context\":\"https:\\\/\\\/schema.org\",\"@graph\":[{\"@type\":\"Article\",\"@id\":\"https:\\\/\\\/www.effera.no\\\/artikler\\\/effera-ansetter-som-folge-av-vekst\\\/#article\",\"isPartOf\":{\"@id\":\"https:\\\/\\\/www.effera.no\\\/artikler\\\/effera-ansetter-som-folge-av-vekst\\\/\"},\"author\":{\"name\":\"Even \u00d8grey Brandsdal\",\"@id\":\"https:\\\/\\\/www.effera.no\\\/#\\\/schema\\\/person\\\/5c185a84267f2308f4e6699fd98e3946\"},\"headline\":\"Effera ansetter som f\u00f8lge av vekst\",\"datePublished\":\"2020-12-15T14:31:09+00:00\",\"dateModified\":\"2020-12-15T15:43:20+00:00\",\"mainEntityOfPage\":{\"@id\":\"https:\\\/\\\/www.effera.no\\\/artikler\\\/effera-ansetter-som-folge-av-vekst\\\/\"},\"wordCount\":421,\"publisher\":{\"@id\":\"https:\\\/\\\/www.effera.no\\\/#organization\"},\"image\":{\"@id\":\"https:\\\/\\\/www.effera.no\\\/artikler\\\/effera-ansetter-som-folge-av-vekst\\\/#primaryimage\"},\"thumbnailUrl\":\"https:\\\/\\\/www.effera.no\\\/wp-content\\\/uploads\\\/2020\\\/12\\\/Mari-Rommetveit-Arild-Nesheim-Effera.jpg\",\"articleSection\":[\"Nyheter\"],\"inLanguage\":\"en-US\"},{\"@type\":\"WebPage\",\"@id\":\"https:\\\/\\\/www.effera.no\\\/artikler\\\/effera-ansetter-som-folge-av-vekst\\\/\",\"url\":\"https:\\\/\\\/www.effera.no\\\/artikler\\\/effera-ansetter-som-folge-av-vekst\\\/\",\"name\":\"Effera ansetter som f\u00f8lge av vekst - effera.no\",\"isPartOf\":{\"@id\":\"https:\\\/\\\/www.effera.no\\\/#website\"},\"primaryImageOfPage\":{\"@id\":\"https:\\\/\\\/www.effera.no\\\/artikler\\\/effera-ansetter-som-folge-av-vekst\\\/#primaryimage\"},\"image\":{\"@id\":\"https:\\\/\\\/www.effera.no\\\/artikler\\\/effera-ansetter-som-folge-av-vekst\\\/#primaryimage\"},\"thumbnailUrl\":\"https:\\\/\\\/www.effera.no\\\/wp-content\\\/uploads\\\/2020\\\/12\\\/Mari-Rommetveit-Arild-Nesheim-Effera.jpg\",\"datePublished\":\"2020-12-15T14:31:09+00:00\",\"dateModified\":\"2020-12-15T15:43:20+00:00\",\"breadcrumb\":{\"@id\":\"https:\\\/\\\/www.effera.no\\\/artikler\\\/effera-ansetter-som-folge-av-vekst\\\/#breadcrumb\"},\"inLanguage\":\"en-US\",\"potentialAction\":[{\"@type\":\"ReadAction\",\"target\":[\"https:\\\/\\\/www.effera.no\\\/artikler\\\/effera-ansetter-som-folge-av-vekst\\\/\"]}]},{\"@type\":\"ImageObject\",\"inLanguage\":\"en-US\",\"@id\":\"https:\\\/\\\/www.effera.no\\\/artikler\\\/effera-ansetter-som-folge-av-vekst\\\/#primaryimage\",\"url\":\"https:\\\/\\\/www.effera.no\\\/wp-content\\\/uploads\\\/2020\\\/12\\\/Mari-Rommetveit-Arild-Nesheim-Effera.jpg\",\"contentUrl\":\"https:\\\/\\\/www.effera.no\\\/wp-content\\\/uploads\\\/2020\\\/12\\\/Mari-Rommetveit-Arild-Nesheim-Effera.jpg\",\"width\":1280,\"height\":960},{\"@type\":\"BreadcrumbList\",\"@id\":\"https:\\\/\\\/www.effera.no\\\/artikler\\\/effera-ansetter-som-folge-av-vekst\\\/#breadcrumb\",\"itemListElement\":[{\"@type\":\"ListItem\",\"position\":1,\"name\":\"Hjem\",\"item\":\"https:\\\/\\\/www.effera.no\\\/\"},{\"@type\":\"ListItem\",\"position\":2,\"name\":\"Effera ansetter som f\u00f8lge av vekst\"}]},{\"@type\":\"WebSite\",\"@id\":\"https:\\\/\\\/www.effera.no\\\/#website\",\"url\":\"https:\\\/\\\/www.effera.no\\\/\",\"name\":\"effera.no\",\"description\":\"\",\"publisher\":{\"@id\":\"https:\\\/\\\/www.effera.no\\\/#organization\"},\"potentialAction\":[{\"@type\":\"SearchAction\",\"target\":{\"@type\":\"EntryPoint\",\"urlTemplate\":\"https:\\\/\\\/www.effera.no\\\/?s={search_term_string}\"},\"query-input\":{\"@type\":\"PropertyValueSpecification\",\"valueRequired\":true,\"valueName\":\"search_term_string\"}}],\"inLanguage\":\"en-US\"},{\"@type\":\"Organization\",\"@id\":\"https:\\\/\\\/www.effera.no\\\/#organization\",\"name\":\"effera.no\",\"url\":\"https:\\\/\\\/www.effera.no\\\/\",\"logo\":{\"@type\":\"ImageObject\",\"inLanguage\":\"en-US\",\"@id\":\"https:\\\/\\\/www.effera.no\\\/#\\\/schema\\\/logo\\\/image\\\/\",\"url\":\"https:\\\/\\\/www.effera.no\\\/wp-content\\\/uploads\\\/2020\\\/03\\\/Logo.png\",\"contentUrl\":\"https:\\\/\\\/www.effera.no\\\/wp-content\\\/uploads\\\/2020\\\/03\\\/Logo.png\",\"width\":155,\"height\":44,\"caption\":\"effera.no\"},\"image\":{\"@id\":\"https:\\\/\\\/www.effera.no\\\/#\\\/schema\\\/logo\\\/image\\\/\"},\"sameAs\":[\"https:\\\/\\\/www.facebook.com\\\/effera.no\",\"https:\\\/\\\/no.linkedin.com\\\/company\\\/effera\",\"https:\\\/\\\/www.instagram.com\\\/effera.as\\\/\"]},{\"@type\":\"Person\",\"@id\":\"https:\\\/\\\/www.effera.no\\\/#\\\/schema\\\/person\\\/5c185a84267f2308f4e6699fd98e3946\",\"name\":\"Even \u00d8grey Brandsdal\",\"image\":{\"@type\":\"ImageObject\",\"inLanguage\":\"en-US\",\"@id\":\"https:\\\/\\\/secure.gravatar.com\\\/avatar\\\/5c47fb5b4730145bb1bd68a308e8bf9683263ede2effd7ff6ef479bbe9d1edeb?s=96&d=mm&r=g\",\"url\":\"https:\\\/\\\/secure.gravatar.com\\\/avatar\\\/5c47fb5b4730145bb1bd68a308e8bf9683263ede2effd7ff6ef479bbe9d1edeb?s=96&d=mm&r=g\",\"contentUrl\":\"https:\\\/\\\/secure.gravatar.com\\\/avatar\\\/5c47fb5b4730145bb1bd68a308e8bf9683263ede2effd7ff6ef479bbe9d1edeb?s=96&d=mm&r=g\",\"caption\":\"Even \u00d8grey Brandsdal\"},\"sameAs\":[\"http:\\\/\\\/effera.no\"],\"url\":\"https:\\\/\\\/www.effera.no\\\/en\\\/artikler\\\/author\\\/eob_redaktoer_meolkyah_367445\\\/\"}]}<\/script>\n<!-- \/ Yoast SEO Premium plugin. -->","yoast_head_json":{"title":"Effera ansetter som f\u00f8lge av vekst - effera.no","robots":{"index":"index","follow":"follow","max-snippet":"max-snippet:-1","max-image-preview":"max-image-preview:large","max-video-preview":"max-video-preview:-1"},"canonical":"https:\/\/www.effera.no\/en\/artikler\/effera-ansetter-som-folge-av-vekst\/","og_locale":"en_US","og_type":"article","og_title":"Effera ansetter som f\u00f8lge av vekst","og_description":"Mari Rommetveit ble foretrukket blant 150 s\u00f8kere","og_url":"https:\/\/www.effera.no\/en\/artikler\/effera-ansetter-som-folge-av-vekst\/","og_site_name":"effera.no","article_publisher":"https:\/\/www.facebook.com\/effera.no","article_published_time":"2020-12-15T14:31:09+00:00","article_modified_time":"2020-12-15T15:43:20+00:00","og_image":[{"width":1280,"height":960,"url":"https:\/\/www.effera.no\/wp-content\/uploads\/2020\/12\/Mari-Rommetveit-Arild-Nesheim-Effera.jpg","type":"image\/jpeg"}],"author":"Even \u00d8grey Brandsdal","twitter_card":"summary_large_image","twitter_misc":{"Written by":"Even \u00d8grey Brandsdal","Est. reading time":"2 minutes"},"schema":{"@context":"https:\/\/schema.org","@graph":[{"@type":"Article","@id":"https:\/\/www.effera.no\/artikler\/effera-ansetter-som-folge-av-vekst\/#article","isPartOf":{"@id":"https:\/\/www.effera.no\/artikler\/effera-ansetter-som-folge-av-vekst\/"},"author":{"name":"Even \u00d8grey Brandsdal","@id":"https:\/\/www.effera.no\/#\/schema\/person\/5c185a84267f2308f4e6699fd98e3946"},"headline":"Effera ansetter som f\u00f8lge av vekst","datePublished":"2020-12-15T14:31:09+00:00","dateModified":"2020-12-15T15:43:20+00:00","mainEntityOfPage":{"@id":"https:\/\/www.effera.no\/artikler\/effera-ansetter-som-folge-av-vekst\/"},"wordCount":421,"publisher":{"@id":"https:\/\/www.effera.no\/#organization"},"image":{"@id":"https:\/\/www.effera.no\/artikler\/effera-ansetter-som-folge-av-vekst\/#primaryimage"},"thumbnailUrl":"https:\/\/www.effera.no\/wp-content\/uploads\/2020\/12\/Mari-Rommetveit-Arild-Nesheim-Effera.jpg","articleSection":["Nyheter"],"inLanguage":"en-US"},{"@type":"WebPage","@id":"https:\/\/www.effera.no\/artikler\/effera-ansetter-som-folge-av-vekst\/","url":"https:\/\/www.effera.no\/artikler\/effera-ansetter-som-folge-av-vekst\/","name":"Effera ansetter som f\u00f8lge av vekst - effera.no","isPartOf":{"@id":"https:\/\/www.effera.no\/#website"},"primaryImageOfPage":{"@id":"https:\/\/www.effera.no\/artikler\/effera-ansetter-som-folge-av-vekst\/#primaryimage"},"image":{"@id":"https:\/\/www.effera.no\/artikler\/effera-ansetter-som-folge-av-vekst\/#primaryimage"},"thumbnailUrl":"https:\/\/www.effera.no\/wp-content\/uploads\/2020\/12\/Mari-Rommetveit-Arild-Nesheim-Effera.jpg","datePublished":"2020-12-15T14:31:09+00:00","dateModified":"2020-12-15T15:43:20+00:00","breadcrumb":{"@id":"https:\/\/www.effera.no\/artikler\/effera-ansetter-som-folge-av-vekst\/#breadcrumb"},"inLanguage":"en-US","potentialAction":[{"@type":"ReadAction","target":["https:\/\/www.effera.no\/artikler\/effera-ansetter-som-folge-av-vekst\/"]}]},{"@type":"ImageObject","inLanguage":"en-US","@id":"https:\/\/www.effera.no\/artikler\/effera-ansetter-som-folge-av-vekst\/#primaryimage","url":"https:\/\/www.effera.no\/wp-content\/uploads\/2020\/12\/Mari-Rommetveit-Arild-Nesheim-Effera.jpg","contentUrl":"https:\/\/www.effera.no\/wp-content\/uploads\/2020\/12\/Mari-Rommetveit-Arild-Nesheim-Effera.jpg","width":1280,"height":960},{"@type":"BreadcrumbList","@id":"https:\/\/www.effera.no\/artikler\/effera-ansetter-som-folge-av-vekst\/#breadcrumb","itemListElement":[{"@type":"ListItem","position":1,"name":"Hjem","item":"https:\/\/www.effera.no\/"},{"@type":"ListItem","position":2,"name":"Effera ansetter som f\u00f8lge av vekst"}]},{"@type":"WebSite","@id":"https:\/\/www.effera.no\/#website","url":"https:\/\/www.effera.no\/","name":"effera.no","description":"","publisher":{"@id":"https:\/\/www.effera.no\/#organization"},"potentialAction":[{"@type":"SearchAction","target":{"@type":"EntryPoint","urlTemplate":"https:\/\/www.effera.no\/?s={search_term_string}"},"query-input":{"@type":"PropertyValueSpecification","valueRequired":true,"valueName":"search_term_string"}}],"inLanguage":"en-US"},{"@type":"Organization","@id":"https:\/\/www.effera.no\/#organization","name":"effera.no","url":"https:\/\/www.effera.no\/","logo":{"@type":"ImageObject","inLanguage":"en-US","@id":"https:\/\/www.effera.no\/#\/schema\/logo\/image\/","url":"https:\/\/www.effera.no\/wp-content\/uploads\/2020\/03\/Logo.png","contentUrl":"https:\/\/www.effera.no\/wp-content\/uploads\/2020\/03\/Logo.png","width":155,"height":44,"caption":"effera.no"},"image":{"@id":"https:\/\/www.effera.no\/#\/schema\/logo\/image\/"},"sameAs":["https:\/\/www.facebook.com\/effera.no","https:\/\/no.linkedin.com\/company\/effera","https:\/\/www.instagram.com\/effera.as\/"]},{"@type":"Person","@id":"https:\/\/www.effera.no\/#\/schema\/person\/5c185a84267f2308f4e6699fd98e3946","name":"Even \u00d8grey Brandsdal","image":{"@type":"ImageObject","inLanguage":"en-US","@id":"https:\/\/secure.gravatar.com\/avatar\/5c47fb5b4730145bb1bd68a308e8bf9683263ede2effd7ff6ef479bbe9d1edeb?s=96&d=mm&r=g","url":"https:\/\/secure.gravatar.com\/avatar\/5c47fb5b4730145bb1bd68a308e8bf9683263ede2effd7ff6ef479bbe9d1edeb?s=96&d=mm&r=g","contentUrl":"https:\/\/secure.gravatar.com\/avatar\/5c47fb5b4730145bb1bd68a308e8bf9683263ede2effd7ff6ef479bbe9d1edeb?s=96&d=mm&r=g","caption":"Even \u00d8grey Brandsdal"},"sameAs":["http:\/\/effera.no"],"url":"https:\/\/www.effera.no\/en\/artikler\/author\/eob_redaktoer_meolkyah_367445\/"}]}},"uagb_featured_image_src":{"full":["https:\/\/www.effera.no\/wp-content\/uploads\/2020\/12\/Mari-Rommetveit-Arild-Nesheim-Effera.jpg",1280,960,false],"thumbnail":["https:\/\/www.effera.no\/wp-content\/uploads\/2020\/12\/Mari-Rommetveit-Arild-Nesheim-Effera-150x150.jpg",150,150,true],"medium":["https:\/\/www.effera.no\/wp-content\/uploads\/2020\/12\/Mari-Rommetveit-Arild-Nesheim-Effera-300x225.jpg",300,225,true],"medium_large":["https:\/\/www.effera.no\/wp-content\/uploads\/2020\/12\/Mari-Rommetveit-Arild-Nesheim-Effera-768x576.jpg",768,576,true],"large":["https:\/\/www.effera.no\/wp-content\/uploads\/2020\/12\/Mari-Rommetveit-Arild-Nesheim-Effera-1024x768.jpg",1024,768,true],"1536x1536":["https:\/\/www.effera.no\/wp-content\/uploads\/2020\/12\/Mari-Rommetveit-Arild-Nesheim-Effera.jpg",1280,960,false],"2048x2048":["https:\/\/www.effera.no\/wp-content\/uploads\/2020\/12\/Mari-Rommetveit-Arild-Nesheim-Effera.jpg",1280,960,false],"trp-custom-language-flag":["https:\/\/www.effera.no\/wp-content\/uploads\/2020\/12\/Mari-Rommetveit-Arild-Nesheim-Effera-16x12.jpg",16,12,true]},"uagb_author_info":{"display_name":"Even \u00d8grey Brandsdal","author_link":"https:\/\/www.effera.no\/en\/artikler\/author\/eob_redaktoer_meolkyah_367445\/"},"uagb_comment_info":0,"uagb_excerpt":"Mari Rommetveit ble foretrukket blant 150 s\u00f8kere","_links":{"self":[{"href":"https:\/\/www.effera.no\/en\/wp-json\/wp\/v2\/posts\/1240","targetHints":{"allow":["GET"]}}],"collection":[{"href":"https:\/\/www.effera.no\/en\/wp-json\/wp\/v2\/posts"}],"about":[{"href":"https:\/\/www.effera.no\/en\/wp-json\/wp\/v2\/types\/post"}],"author":[{"embeddable":true,"href":"https:\/\/www.effera.no\/en\/wp-json\/wp\/v2\/users\/9"}],"replies":[{"embeddable":true,"href":"https:\/\/www.effera.no\/en\/wp-json\/wp\/v2\/comments?post=1240"}],"version-history":[{"count":0,"href":"https:\/\/www.effera.no\/en\/wp-json\/wp\/v2\/posts\/1240\/revisions"}],"wp:featuredmedia":[{"embeddable":true,"href":"https:\/\/www.effera.no\/en\/wp-json\/wp\/v2\/media\/1239"}],"wp:attachment":[{"href":"https:\/\/www.effera.no\/en\/wp-json\/wp\/v2\/media?parent=1240"}],"wp:term":[{"taxonomy":"category","embeddable":true,"href":"https:\/\/www.effera.no\/en\/wp-json\/wp\/v2\/categories?post=1240"},{"taxonomy":"post_tag","embeddable":true,"href":"https:\/\/www.effera.no\/en\/wp-json\/wp\/v2\/tags?post=1240"}],"curies":[{"name":"wp","href":"https:\/\/api.w.org\/{rel}","templated":true}]}}