{"id":1045,"date":"2020-07-07T13:55:17","date_gmt":"2020-07-07T13:55:17","guid":{"rendered":"https:\/\/www.effera.no\/?p=1045"},"modified":"2020-07-07T13:56:02","modified_gmt":"2020-07-07T13:56:02","slug":"effera-ansetter-som-folge-av-okt-ettersporsel-i-markedet","status":"publish","type":"post","link":"https:\/\/www.effera.no\/en\/artikler\/effera-ansetter-som-folge-av-okt-ettersporsel-i-markedet\/","title":{"rendered":"Effera hires as a result of increased demand in the market"},"content":{"rendered":"<section class=\"wp-block-uagb-section uagb-section__wrap uagb-section__background-undefined uagb-block-5b32c044\"><div class=\"uagb-section__overlay\"><\/div><div class=\"uagb-section__inner-wrap\">\n<figure class=\"wp-block-image size-large\"><img loading=\"lazy\" decoding=\"async\" width=\"1024\" height=\"576\" src=\"https:\/\/www.effera.no\/wp-content\/uploads\/2020\/07\/Anders-Gilje_Olav-Kristoffer-\u00d8yulvstad_Effera_nyansatt-1024x576.jpg\" alt=\"\" class=\"wp-image-1044\" srcset=\"https:\/\/www.effera.no\/wp-content\/uploads\/2020\/07\/Anders-Gilje_Olav-Kristoffer-\u00d8yulvstad_Effera_nyansatt-1024x576.jpg 1024w, https:\/\/www.effera.no\/wp-content\/uploads\/2020\/07\/Anders-Gilje_Olav-Kristoffer-\u00d8yulvstad_Effera_nyansatt-300x169.jpg 300w, https:\/\/www.effera.no\/wp-content\/uploads\/2020\/07\/Anders-Gilje_Olav-Kristoffer-\u00d8yulvstad_Effera_nyansatt-768x432.jpg 768w, https:\/\/www.effera.no\/wp-content\/uploads\/2020\/07\/Anders-Gilje_Olav-Kristoffer-\u00d8yulvstad_Effera_nyansatt.jpg 1280w\" sizes=\"auto, (max-width: 1024px) 100vw, 1024px\" \/><figcaption>Olav Kristoffer \u00d8yulvstad, newly hired System Engineer (left) and Anders Gilje, head of the Delivery and service department in Effera<\/figcaption><\/figure>\n\n\n\n<h2 class=\"has-text-color wp-block-heading\" style=\"color:#149b64\"><strong><strong><strong>Effera hires as a result of increased demand in the market<\/strong><\/strong><\/strong><\/h2>\n\n\n\n<h3 class=\"wp-block-heading\"><strong>Effera is experiencing great growth and is hiring to maintain delivery capability<\/strong>.<\/h3>\n\n\n\n<p>We develop and sell smart solutions for the tunnel and construction industry, and in recent months we have signed several contracts that lead to increased workload. This is especially noticeable in our delivery and service department, which is responsible for implementing our solutions to customers.<\/p>\n\n\n\n<p>\u00abOur task is to provide our customers with good service and keep our promises to deliver at the agreed time, place and price. We are noticing a significantly increasing number of assignments and the need for new hires is proof that we are developing in the right direction, \"says Anders Gilje, who heads the department.<\/p>\n\n\n\n<p>Our latest addition is Olav Kristoffer \u00d8yulvstad and is employed as a System Engineer and will complement Gilje's team. He has experience from a similar role in Identec Solutions and has recently returned from Manila in the Philippines, where he has worked in support.<\/p>\n\n\n\n<p>\"Effera is a forward-looking company that is going up and down and has big ambitions for the future. It is both a privilege and inspiring to be part of an offensive culture in a company that is experiencing great growth. I am very grateful that I got the chance to be part of the environment and it is motivating that my role affects our ability to achieve our common goals. We are already in full swing and personally I feel that Effera has already become a place where I belong \u00bbsays \u00d8yulvstad.<\/p>\n\n\n\n<p>July 7, 2020<\/p>\n<\/div><\/section>\n\n\n\n<p><\/p>","protected":false},"excerpt":{"rendered":"<p>Effera hires as a result of increased demand in the market<\/p>","protected":false},"author":9,"featured_media":1044,"comment_status":"closed","ping_status":"open","sticky":false,"template":"","format":"standard","meta":{"_uag_custom_page_level_css":"","site-sidebar-layout":"default","site-content-layout":"default","ast-site-content-layout":"default","site-content-style":"default","site-sidebar-style":"default","ast-global-header-display":"","ast-banner-title-visibility":"","ast-main-header-display":"","ast-hfb-above-header-display":"","ast-hfb-below-header-display":"","ast-hfb-mobile-header-display":"","site-post-title":"disabled","ast-breadcrumbs-content":"","ast-featured-img":"disabled","footer-sml-layout":"","ast-disable-related-posts":"","theme-transparent-header-meta":"default","adv-header-id-meta":"","stick-header-meta":"default","header-above-stick-meta":"","header-main-stick-meta":"","header-below-stick-meta":"","astra-migrate-meta-layouts":"default","ast-page-background-enabled":"default","ast-page-background-meta":{"desktop":{"background-color":"","background-image":"","background-repeat":"repeat","background-position":"center center","background-size":"auto","background-attachment":"scroll","background-type":"","background-media":"","overlay-type":"","overlay-color":"","overlay-opacity":"","overlay-gradient":""},"tablet":{"background-color":"","background-image":"","background-repeat":"repeat","background-position":"center center","background-size":"auto","background-attachment":"scroll","background-type":"","background-media":"","overlay-type":"","overlay-color":"","overlay-opacity":"","overlay-gradient":""},"mobile":{"background-color":"","background-image":"","background-repeat":"repeat","background-position":"center center","background-size":"auto","background-attachment":"scroll","background-type":"","background-media":"","overlay-type":"","overlay-color":"","overlay-opacity":"","overlay-gradient":""}},"ast-content-background-meta":{"desktop":{"background-color":"var(--ast-global-color-5)","background-image":"","background-repeat":"repeat","background-position":"center center","background-size":"auto","background-attachment":"scroll","background-type":"","background-media":"","overlay-type":"","overlay-color":"","overlay-opacity":"","overlay-gradient":""},"tablet":{"background-color":"var(--ast-global-color-5)","background-image":"","background-repeat":"repeat","background-position":"center center","background-size":"auto","background-attachment":"scroll","background-type":"","background-media":"","overlay-type":"","overlay-color":"","overlay-opacity":"","overlay-gradient":""},"mobile":{"background-color":"var(--ast-global-color-5)","background-image":"","background-repeat":"repeat","background-position":"center center","background-size":"auto","background-attachment":"scroll","background-type":"","background-media":"","overlay-type":"","overlay-color":"","overlay-opacity":"","overlay-gradient":""}},"footnotes":""},"categories":[4],"tags":[],"class_list":["post-1045","post","type-post","status-publish","format-standard","has-post-thumbnail","hentry","category-nyheter"],"yoast_head":"<!-- This site is optimized with the Yoast SEO Premium plugin v26.4 (Yoast SEO v27.5) - https:\/\/yoast.com\/product\/yoast-seo-premium-wordpress\/ -->\n<title>Effera ansetter som f\u00f8lge av \u00f8kt ettersp\u00f8rsel i markedet - effera.no<\/title>\n<meta name=\"robots\" content=\"index, follow, max-snippet:-1, max-image-preview:large, max-video-preview:-1\" \/>\n<link rel=\"canonical\" href=\"https:\/\/www.effera.no\/en\/artikler\/effera-ansetter-som-folge-av-okt-ettersporsel-i-markedet\/\" \/>\n<meta property=\"og:locale\" content=\"en_US\" \/>\n<meta property=\"og:type\" content=\"article\" \/>\n<meta property=\"og:title\" content=\"Effera ansetter som f\u00f8lge av \u00f8kt ettersp\u00f8rsel i markedet\" \/>\n<meta property=\"og:description\" content=\"Effera opplever stor vekst og ansetter for \u00e5 opprettholde leveringsdyktigheten.\" \/>\n<meta property=\"og:url\" content=\"https:\/\/www.effera.no\/en\/artikler\/effera-ansetter-som-folge-av-okt-ettersporsel-i-markedet\/\" \/>\n<meta property=\"og:site_name\" content=\"effera.no\" \/>\n<meta property=\"article:publisher\" content=\"https:\/\/www.facebook.com\/effera.no\" \/>\n<meta property=\"article:published_time\" content=\"2020-07-07T13:55:17+00:00\" \/>\n<meta property=\"article:modified_time\" content=\"2020-07-07T13:56:02+00:00\" \/>\n<meta property=\"og:image\" content=\"https:\/\/www.effera.no\/wp-content\/uploads\/2020\/07\/Anders-Gilje_Olav-Kristoffer-\u00d8yulvstad_Effera_nyansatt.jpg\" \/>\n\t<meta property=\"og:image:width\" content=\"1280\" \/>\n\t<meta property=\"og:image:height\" content=\"720\" \/>\n\t<meta property=\"og:image:type\" content=\"image\/jpeg\" \/>\n<meta name=\"author\" content=\"Even \u00d8grey Brandsdal\" \/>\n<meta name=\"twitter:card\" content=\"summary_large_image\" \/>\n<meta name=\"twitter:label1\" content=\"Written by\" \/>\n\t<meta name=\"twitter:data1\" content=\"Even \u00d8grey Brandsdal\" \/>\n\t<meta name=\"twitter:label2\" content=\"Est. reading time\" \/>\n\t<meta name=\"twitter:data2\" content=\"1 minute\" \/>\n<script type=\"application\/ld+json\" class=\"yoast-schema-graph\">{\"@context\":\"https:\\\/\\\/schema.org\",\"@graph\":[{\"@type\":\"Article\",\"@id\":\"https:\\\/\\\/www.effera.no\\\/en\\\/artikler\\\/effera-ansetter-som-folge-av-okt-ettersporsel-i-markedet\\\/#article\",\"isPartOf\":{\"@id\":\"https:\\\/\\\/www.effera.no\\\/en\\\/artikler\\\/effera-ansetter-som-folge-av-okt-ettersporsel-i-markedet\\\/\"},\"author\":{\"name\":\"Even \u00d8grey Brandsdal\",\"@id\":\"https:\\\/\\\/www.effera.no\\\/#\\\/schema\\\/person\\\/5c185a84267f2308f4e6699fd98e3946\"},\"headline\":\"Effera ansetter som f\u00f8lge av \u00f8kt ettersp\u00f8rsel i markedet\",\"datePublished\":\"2020-07-07T13:55:17+00:00\",\"dateModified\":\"2020-07-07T13:56:02+00:00\",\"mainEntityOfPage\":{\"@id\":\"https:\\\/\\\/www.effera.no\\\/en\\\/artikler\\\/effera-ansetter-som-folge-av-okt-ettersporsel-i-markedet\\\/\"},\"wordCount\":292,\"publisher\":{\"@id\":\"https:\\\/\\\/www.effera.no\\\/#organization\"},\"image\":{\"@id\":\"https:\\\/\\\/www.effera.no\\\/en\\\/artikler\\\/effera-ansetter-som-folge-av-okt-ettersporsel-i-markedet\\\/#primaryimage\"},\"thumbnailUrl\":\"https:\\\/\\\/www.effera.no\\\/wp-content\\\/uploads\\\/2020\\\/07\\\/Anders-Gilje_Olav-Kristoffer-\u00d8yulvstad_Effera_nyansatt.jpg\",\"articleSection\":[\"Nyheter\"],\"inLanguage\":\"en-US\"},{\"@type\":\"WebPage\",\"@id\":\"https:\\\/\\\/www.effera.no\\\/en\\\/artikler\\\/effera-ansetter-som-folge-av-okt-ettersporsel-i-markedet\\\/\",\"url\":\"https:\\\/\\\/www.effera.no\\\/en\\\/artikler\\\/effera-ansetter-som-folge-av-okt-ettersporsel-i-markedet\\\/\",\"name\":\"Effera ansetter som f\u00f8lge av \u00f8kt ettersp\u00f8rsel i markedet - effera.no\",\"isPartOf\":{\"@id\":\"https:\\\/\\\/www.effera.no\\\/#website\"},\"primaryImageOfPage\":{\"@id\":\"https:\\\/\\\/www.effera.no\\\/en\\\/artikler\\\/effera-ansetter-som-folge-av-okt-ettersporsel-i-markedet\\\/#primaryimage\"},\"image\":{\"@id\":\"https:\\\/\\\/www.effera.no\\\/en\\\/artikler\\\/effera-ansetter-som-folge-av-okt-ettersporsel-i-markedet\\\/#primaryimage\"},\"thumbnailUrl\":\"https:\\\/\\\/www.effera.no\\\/wp-content\\\/uploads\\\/2020\\\/07\\\/Anders-Gilje_Olav-Kristoffer-\u00d8yulvstad_Effera_nyansatt.jpg\",\"datePublished\":\"2020-07-07T13:55:17+00:00\",\"dateModified\":\"2020-07-07T13:56:02+00:00\",\"breadcrumb\":{\"@id\":\"https:\\\/\\\/www.effera.no\\\/en\\\/artikler\\\/effera-ansetter-som-folge-av-okt-ettersporsel-i-markedet\\\/#breadcrumb\"},\"inLanguage\":\"en-US\",\"potentialAction\":[{\"@type\":\"ReadAction\",\"target\":[\"https:\\\/\\\/www.effera.no\\\/en\\\/artikler\\\/effera-ansetter-som-folge-av-okt-ettersporsel-i-markedet\\\/\"]}]},{\"@type\":\"ImageObject\",\"inLanguage\":\"en-US\",\"@id\":\"https:\\\/\\\/www.effera.no\\\/en\\\/artikler\\\/effera-ansetter-som-folge-av-okt-ettersporsel-i-markedet\\\/#primaryimage\",\"url\":\"https:\\\/\\\/www.effera.no\\\/wp-content\\\/uploads\\\/2020\\\/07\\\/Anders-Gilje_Olav-Kristoffer-\u00d8yulvstad_Effera_nyansatt.jpg\",\"contentUrl\":\"https:\\\/\\\/www.effera.no\\\/wp-content\\\/uploads\\\/2020\\\/07\\\/Anders-Gilje_Olav-Kristoffer-\u00d8yulvstad_Effera_nyansatt.jpg\",\"width\":1280,\"height\":720},{\"@type\":\"BreadcrumbList\",\"@id\":\"https:\\\/\\\/www.effera.no\\\/en\\\/artikler\\\/effera-ansetter-som-folge-av-okt-ettersporsel-i-markedet\\\/#breadcrumb\",\"itemListElement\":[{\"@type\":\"ListItem\",\"position\":1,\"name\":\"Hjem\",\"item\":\"https:\\\/\\\/www.effera.no\\\/\"},{\"@type\":\"ListItem\",\"position\":2,\"name\":\"Effera ansetter som f\u00f8lge av \u00f8kt ettersp\u00f8rsel i markedet\"}]},{\"@type\":\"WebSite\",\"@id\":\"https:\\\/\\\/www.effera.no\\\/#website\",\"url\":\"https:\\\/\\\/www.effera.no\\\/\",\"name\":\"effera.no\",\"description\":\"\",\"publisher\":{\"@id\":\"https:\\\/\\\/www.effera.no\\\/#organization\"},\"potentialAction\":[{\"@type\":\"SearchAction\",\"target\":{\"@type\":\"EntryPoint\",\"urlTemplate\":\"https:\\\/\\\/www.effera.no\\\/?s={search_term_string}\"},\"query-input\":{\"@type\":\"PropertyValueSpecification\",\"valueRequired\":true,\"valueName\":\"search_term_string\"}}],\"inLanguage\":\"en-US\"},{\"@type\":\"Organization\",\"@id\":\"https:\\\/\\\/www.effera.no\\\/#organization\",\"name\":\"effera.no\",\"url\":\"https:\\\/\\\/www.effera.no\\\/\",\"logo\":{\"@type\":\"ImageObject\",\"inLanguage\":\"en-US\",\"@id\":\"https:\\\/\\\/www.effera.no\\\/#\\\/schema\\\/logo\\\/image\\\/\",\"url\":\"https:\\\/\\\/www.effera.no\\\/wp-content\\\/uploads\\\/2020\\\/03\\\/Logo.png\",\"contentUrl\":\"https:\\\/\\\/www.effera.no\\\/wp-content\\\/uploads\\\/2020\\\/03\\\/Logo.png\",\"width\":155,\"height\":44,\"caption\":\"effera.no\"},\"image\":{\"@id\":\"https:\\\/\\\/www.effera.no\\\/#\\\/schema\\\/logo\\\/image\\\/\"},\"sameAs\":[\"https:\\\/\\\/www.facebook.com\\\/effera.no\",\"https:\\\/\\\/no.linkedin.com\\\/company\\\/effera\",\"https:\\\/\\\/www.instagram.com\\\/effera.as\\\/\"]},{\"@type\":\"Person\",\"@id\":\"https:\\\/\\\/www.effera.no\\\/#\\\/schema\\\/person\\\/5c185a84267f2308f4e6699fd98e3946\",\"name\":\"Even \u00d8grey Brandsdal\",\"image\":{\"@type\":\"ImageObject\",\"inLanguage\":\"en-US\",\"@id\":\"https:\\\/\\\/secure.gravatar.com\\\/avatar\\\/5c47fb5b4730145bb1bd68a308e8bf9683263ede2effd7ff6ef479bbe9d1edeb?s=96&d=mm&r=g\",\"url\":\"https:\\\/\\\/secure.gravatar.com\\\/avatar\\\/5c47fb5b4730145bb1bd68a308e8bf9683263ede2effd7ff6ef479bbe9d1edeb?s=96&d=mm&r=g\",\"contentUrl\":\"https:\\\/\\\/secure.gravatar.com\\\/avatar\\\/5c47fb5b4730145bb1bd68a308e8bf9683263ede2effd7ff6ef479bbe9d1edeb?s=96&d=mm&r=g\",\"caption\":\"Even \u00d8grey Brandsdal\"},\"sameAs\":[\"http:\\\/\\\/effera.no\"],\"url\":\"https:\\\/\\\/www.effera.no\\\/en\\\/artikler\\\/author\\\/eob_redaktoer_meolkyah_367445\\\/\"}]}<\/script>\n<!-- \/ Yoast SEO Premium plugin. -->","yoast_head_json":{"title":"Effera ansetter som f\u00f8lge av \u00f8kt ettersp\u00f8rsel i markedet - effera.no","robots":{"index":"index","follow":"follow","max-snippet":"max-snippet:-1","max-image-preview":"max-image-preview:large","max-video-preview":"max-video-preview:-1"},"canonical":"https:\/\/www.effera.no\/en\/artikler\/effera-ansetter-som-folge-av-okt-ettersporsel-i-markedet\/","og_locale":"en_US","og_type":"article","og_title":"Effera ansetter som f\u00f8lge av \u00f8kt ettersp\u00f8rsel i markedet","og_description":"Effera opplever stor vekst og ansetter for \u00e5 opprettholde leveringsdyktigheten.","og_url":"https:\/\/www.effera.no\/en\/artikler\/effera-ansetter-som-folge-av-okt-ettersporsel-i-markedet\/","og_site_name":"effera.no","article_publisher":"https:\/\/www.facebook.com\/effera.no","article_published_time":"2020-07-07T13:55:17+00:00","article_modified_time":"2020-07-07T13:56:02+00:00","og_image":[{"width":1280,"height":720,"url":"https:\/\/www.effera.no\/wp-content\/uploads\/2020\/07\/Anders-Gilje_Olav-Kristoffer-\u00d8yulvstad_Effera_nyansatt.jpg","type":"image\/jpeg"}],"author":"Even \u00d8grey Brandsdal","twitter_card":"summary_large_image","twitter_misc":{"Written by":"Even \u00d8grey Brandsdal","Est. reading time":"1 minute"},"schema":{"@context":"https:\/\/schema.org","@graph":[{"@type":"Article","@id":"https:\/\/www.effera.no\/en\/artikler\/effera-ansetter-som-folge-av-okt-ettersporsel-i-markedet\/#article","isPartOf":{"@id":"https:\/\/www.effera.no\/en\/artikler\/effera-ansetter-som-folge-av-okt-ettersporsel-i-markedet\/"},"author":{"name":"Even \u00d8grey Brandsdal","@id":"https:\/\/www.effera.no\/#\/schema\/person\/5c185a84267f2308f4e6699fd98e3946"},"headline":"Effera ansetter som f\u00f8lge av \u00f8kt ettersp\u00f8rsel i markedet","datePublished":"2020-07-07T13:55:17+00:00","dateModified":"2020-07-07T13:56:02+00:00","mainEntityOfPage":{"@id":"https:\/\/www.effera.no\/en\/artikler\/effera-ansetter-som-folge-av-okt-ettersporsel-i-markedet\/"},"wordCount":292,"publisher":{"@id":"https:\/\/www.effera.no\/#organization"},"image":{"@id":"https:\/\/www.effera.no\/en\/artikler\/effera-ansetter-som-folge-av-okt-ettersporsel-i-markedet\/#primaryimage"},"thumbnailUrl":"https:\/\/www.effera.no\/wp-content\/uploads\/2020\/07\/Anders-Gilje_Olav-Kristoffer-\u00d8yulvstad_Effera_nyansatt.jpg","articleSection":["Nyheter"],"inLanguage":"en-US"},{"@type":"WebPage","@id":"https:\/\/www.effera.no\/en\/artikler\/effera-ansetter-som-folge-av-okt-ettersporsel-i-markedet\/","url":"https:\/\/www.effera.no\/en\/artikler\/effera-ansetter-som-folge-av-okt-ettersporsel-i-markedet\/","name":"Effera ansetter som f\u00f8lge av \u00f8kt ettersp\u00f8rsel i markedet - effera.no","isPartOf":{"@id":"https:\/\/www.effera.no\/#website"},"primaryImageOfPage":{"@id":"https:\/\/www.effera.no\/en\/artikler\/effera-ansetter-som-folge-av-okt-ettersporsel-i-markedet\/#primaryimage"},"image":{"@id":"https:\/\/www.effera.no\/en\/artikler\/effera-ansetter-som-folge-av-okt-ettersporsel-i-markedet\/#primaryimage"},"thumbnailUrl":"https:\/\/www.effera.no\/wp-content\/uploads\/2020\/07\/Anders-Gilje_Olav-Kristoffer-\u00d8yulvstad_Effera_nyansatt.jpg","datePublished":"2020-07-07T13:55:17+00:00","dateModified":"2020-07-07T13:56:02+00:00","breadcrumb":{"@id":"https:\/\/www.effera.no\/en\/artikler\/effera-ansetter-som-folge-av-okt-ettersporsel-i-markedet\/#breadcrumb"},"inLanguage":"en-US","potentialAction":[{"@type":"ReadAction","target":["https:\/\/www.effera.no\/en\/artikler\/effera-ansetter-som-folge-av-okt-ettersporsel-i-markedet\/"]}]},{"@type":"ImageObject","inLanguage":"en-US","@id":"https:\/\/www.effera.no\/en\/artikler\/effera-ansetter-som-folge-av-okt-ettersporsel-i-markedet\/#primaryimage","url":"https:\/\/www.effera.no\/wp-content\/uploads\/2020\/07\/Anders-Gilje_Olav-Kristoffer-\u00d8yulvstad_Effera_nyansatt.jpg","contentUrl":"https:\/\/www.effera.no\/wp-content\/uploads\/2020\/07\/Anders-Gilje_Olav-Kristoffer-\u00d8yulvstad_Effera_nyansatt.jpg","width":1280,"height":720},{"@type":"BreadcrumbList","@id":"https:\/\/www.effera.no\/en\/artikler\/effera-ansetter-som-folge-av-okt-ettersporsel-i-markedet\/#breadcrumb","itemListElement":[{"@type":"ListItem","position":1,"name":"Hjem","item":"https:\/\/www.effera.no\/"},{"@type":"ListItem","position":2,"name":"Effera ansetter som f\u00f8lge av \u00f8kt ettersp\u00f8rsel i markedet"}]},{"@type":"WebSite","@id":"https:\/\/www.effera.no\/#website","url":"https:\/\/www.effera.no\/","name":"effera.no","description":"","publisher":{"@id":"https:\/\/www.effera.no\/#organization"},"potentialAction":[{"@type":"SearchAction","target":{"@type":"EntryPoint","urlTemplate":"https:\/\/www.effera.no\/?s={search_term_string}"},"query-input":{"@type":"PropertyValueSpecification","valueRequired":true,"valueName":"search_term_string"}}],"inLanguage":"en-US"},{"@type":"Organization","@id":"https:\/\/www.effera.no\/#organization","name":"effera.no","url":"https:\/\/www.effera.no\/","logo":{"@type":"ImageObject","inLanguage":"en-US","@id":"https:\/\/www.effera.no\/#\/schema\/logo\/image\/","url":"https:\/\/www.effera.no\/wp-content\/uploads\/2020\/03\/Logo.png","contentUrl":"https:\/\/www.effera.no\/wp-content\/uploads\/2020\/03\/Logo.png","width":155,"height":44,"caption":"effera.no"},"image":{"@id":"https:\/\/www.effera.no\/#\/schema\/logo\/image\/"},"sameAs":["https:\/\/www.facebook.com\/effera.no","https:\/\/no.linkedin.com\/company\/effera","https:\/\/www.instagram.com\/effera.as\/"]},{"@type":"Person","@id":"https:\/\/www.effera.no\/#\/schema\/person\/5c185a84267f2308f4e6699fd98e3946","name":"Even \u00d8grey Brandsdal","image":{"@type":"ImageObject","inLanguage":"en-US","@id":"https:\/\/secure.gravatar.com\/avatar\/5c47fb5b4730145bb1bd68a308e8bf9683263ede2effd7ff6ef479bbe9d1edeb?s=96&d=mm&r=g","url":"https:\/\/secure.gravatar.com\/avatar\/5c47fb5b4730145bb1bd68a308e8bf9683263ede2effd7ff6ef479bbe9d1edeb?s=96&d=mm&r=g","contentUrl":"https:\/\/secure.gravatar.com\/avatar\/5c47fb5b4730145bb1bd68a308e8bf9683263ede2effd7ff6ef479bbe9d1edeb?s=96&d=mm&r=g","caption":"Even \u00d8grey Brandsdal"},"sameAs":["http:\/\/effera.no"],"url":"https:\/\/www.effera.no\/en\/artikler\/author\/eob_redaktoer_meolkyah_367445\/"}]}},"uagb_featured_image_src":{"full":["https:\/\/www.effera.no\/wp-content\/uploads\/2020\/07\/Anders-Gilje_Olav-Kristoffer-\u00d8yulvstad_Effera_nyansatt.jpg",1280,720,false],"thumbnail":["https:\/\/www.effera.no\/wp-content\/uploads\/2020\/07\/Anders-Gilje_Olav-Kristoffer-\u00d8yulvstad_Effera_nyansatt-150x150.jpg",150,150,true],"medium":["https:\/\/www.effera.no\/wp-content\/uploads\/2020\/07\/Anders-Gilje_Olav-Kristoffer-\u00d8yulvstad_Effera_nyansatt-300x169.jpg",300,169,true],"medium_large":["https:\/\/www.effera.no\/wp-content\/uploads\/2020\/07\/Anders-Gilje_Olav-Kristoffer-\u00d8yulvstad_Effera_nyansatt-768x432.jpg",768,432,true],"large":["https:\/\/www.effera.no\/wp-content\/uploads\/2020\/07\/Anders-Gilje_Olav-Kristoffer-\u00d8yulvstad_Effera_nyansatt-1024x576.jpg",1024,576,true],"1536x1536":["https:\/\/www.effera.no\/wp-content\/uploads\/2020\/07\/Anders-Gilje_Olav-Kristoffer-\u00d8yulvstad_Effera_nyansatt.jpg",1280,720,false],"2048x2048":["https:\/\/www.effera.no\/wp-content\/uploads\/2020\/07\/Anders-Gilje_Olav-Kristoffer-\u00d8yulvstad_Effera_nyansatt.jpg",1280,720,false],"trp-custom-language-flag":["https:\/\/www.effera.no\/wp-content\/uploads\/2020\/07\/Anders-Gilje_Olav-Kristoffer-\u00d8yulvstad_Effera_nyansatt.jpg",18,10,false]},"uagb_author_info":{"display_name":"Even \u00d8grey Brandsdal","author_link":"https:\/\/www.effera.no\/en\/artikler\/author\/eob_redaktoer_meolkyah_367445\/"},"uagb_comment_info":0,"uagb_excerpt":"Effera opplever stor vekst og ansetter for \u00e5 opprettholde leveringsdyktigheten.","_links":{"self":[{"href":"https:\/\/www.effera.no\/en\/wp-json\/wp\/v2\/posts\/1045","targetHints":{"allow":["GET"]}}],"collection":[{"href":"https:\/\/www.effera.no\/en\/wp-json\/wp\/v2\/posts"}],"about":[{"href":"https:\/\/www.effera.no\/en\/wp-json\/wp\/v2\/types\/post"}],"author":[{"embeddable":true,"href":"https:\/\/www.effera.no\/en\/wp-json\/wp\/v2\/users\/9"}],"replies":[{"embeddable":true,"href":"https:\/\/www.effera.no\/en\/wp-json\/wp\/v2\/comments?post=1045"}],"version-history":[{"count":0,"href":"https:\/\/www.effera.no\/en\/wp-json\/wp\/v2\/posts\/1045\/revisions"}],"wp:featuredmedia":[{"embeddable":true,"href":"https:\/\/www.effera.no\/en\/wp-json\/wp\/v2\/media\/1044"}],"wp:attachment":[{"href":"https:\/\/www.effera.no\/en\/wp-json\/wp\/v2\/media?parent=1045"}],"wp:term":[{"taxonomy":"category","embeddable":true,"href":"https:\/\/www.effera.no\/en\/wp-json\/wp\/v2\/categories?post=1045"},{"taxonomy":"post_tag","embeddable":true,"href":"https:\/\/www.effera.no\/en\/wp-json\/wp\/v2\/tags?post=1045"}],"curies":[{"name":"wp","href":"https:\/\/api.w.org\/{rel}","templated":true}]}}